{"id":282,"date":"2013-06-20T14:20:07","date_gmt":"2013-06-20T14:20:07","guid":{"rendered":"\/ccbsa\/?p=282"},"modified":"2013-06-20T14:31:03","modified_gmt":"2013-06-20T14:31:03","slug":"6a-mostra-memoria-cultural-junina-de-arquivologia-discute-a-seca-e-as-desigualdades-sociais-do-nordeste","status":"publish","type":"post","link":"https:\/\/centros.uepb.edu.br\/ccbsa\/6a-mostra-memoria-cultural-junina-de-arquivologia-discute-a-seca-e-as-desigualdades-sociais-do-nordeste\/","title":{"rendered":"6\u00aa Mostra Mem\u00f3ria Cultural Junina de Arquivologia discute a seca e as desigualdades sociais do nordeste"},"content":{"rendered":"<p>Alegria e reflex\u00e3o, fartura e mis\u00e9ria, protesto e comemora\u00e7\u00e3o, s\u00e3o termos que apesar de serem antag\u00f4nicos integraram a mesma discuss\u00e3o, durante a 6\u00aa edi\u00e7\u00e3o da Mostra Mem\u00f3ria Cultural Junina, realizada nesta quinta-feira (20) no Campus V da Universidade Estadual da Para\u00edba, em Jo\u00e3o Pessoa.<\/p>\n<p><a href=\"http:\/\/centros.ascom.uepb.edu.br\/ccbsa\/files\/2013\/06\/DSC03925MOD.jpg\"><img loading=\"lazy\" decoding=\"async\" class=\"alignright size-thumbnail wp-image-286 img-responsive\" alt=\"DSC03925MOD\" src=\"http:\/\/centros.ascom.uepb.edu.br\/ccbsa\/files\/2013\/06\/DSC03925MOD-150x150.jpg\" width=\"150\" height=\"150\" \/><\/a>O evento, organizado pelos estudantes do 1\u00ba per\u00edodo do curso de Arquivologia da UEPB, sob a orienta\u00e7\u00e3o do professor Henrique Fran\u00e7a, contou com stands destinados a comidas t\u00edpicas, religiosidade, m\u00fasica e dan\u00e7a, al\u00e9m de um espa\u00e7o novo em rela\u00e7\u00e3o \u00e0s demais edi\u00e7\u00f5es, que era o stand denominado \u201cProtesto Junino\u201d.<\/p>\n<p>Al\u00e9m dos stands com a exposi\u00e7\u00e3o relacionada a cada tema, a programa\u00e7\u00e3o da mostra contou ainda com uma mostra de v\u00eddeo, oficinas de dan\u00e7a e religiosidade, gincana junina, apresenta\u00e7\u00f5es culturais e concurso de Forr\u00f3, com a participa\u00e7\u00e3o de estudantes, docentes e t\u00e9cnico-administrativos do Campus V.<\/p>\n<p><a href=\"http:\/\/centros.ascom.uepb.edu.br\/ccbsa\/files\/2013\/06\/DSC03934MOD.jpg\"><img loading=\"lazy\" decoding=\"async\" class=\"size-thumbnail wp-image-287 alignleft img-responsive\" alt=\"DSC03934MOD\" src=\"http:\/\/centros.ascom.uepb.edu.br\/ccbsa\/files\/2013\/06\/DSC03934MOD-150x150.jpg\" width=\"150\" height=\"150\" \/><\/a>O stand de gastronomia mostrava o contraste que pode ser notado principalmente no sert\u00e3o do Estado, com a fartura das comidas t\u00edpicas na mesa de parte da popula\u00e7\u00e3o, e a fome e a mis\u00e9ria que marcam a situa\u00e7\u00e3o de seca vivida por muitos paraibanos.<\/p>\n<p>\u201cN\u00f3s trouxemos n\u00e3o s\u00f3 a canjica, pamonha, milho verde, mas o suco de palma, para mostrar algo que est\u00e1 sendo utilizado para saciar a fome do povo, mesmo com o preconceito de muitas pessoas que consideram a palma como alimento apenas para o gado. Al\u00e9m disso, apresentamos algumas poss\u00edveis solu\u00e7\u00f5es para a seca como medidas de irriga\u00e7\u00e3o, dessaliniza\u00e7\u00e3o da \u00e1gua, atitudes que podem trazer dias melhores para o povo nordestino\u201d, destaca o estudante do 1\u00ba per\u00edodo de Arquivologia Edvan da Silva.<\/p>\n<p>J\u00e1 na oficina de religiosidade, os estudantes que ministraram a tarefa discutiram como os religiosos realizavam protestos sociais. E o stand \u201cProtesto junino\u201d, teve o mesmo tom de reflex\u00e3o ao discutir os problemas que h\u00e1 anos fazem o povo nordestino sofrer.<a href=\"http:\/\/centros.ascom.uepb.edu.br\/ccbsa\/files\/2013\/06\/DSC03944MOD.jpg\"><img loading=\"lazy\" decoding=\"async\" class=\"alignright size-thumbnail wp-image-288 img-responsive\" alt=\"DSC03944MOD\" src=\"http:\/\/centros.ascom.uepb.edu.br\/ccbsa\/files\/2013\/06\/DSC03944MOD-150x150.jpg\" width=\"150\" height=\"150\" \/><\/a><\/p>\n<p>\u201cPara n\u00f3s, que seremos profissionais da informa\u00e7\u00e3o, que trabalham com a mem\u00f3ria, \u00e9 importante resgatar a nossa tradi\u00e7\u00e3o e cultura, presentes nos festejos juninos. Mas, tamb\u00e9m temos que pensar nas quest\u00f5es que nos afligem. A seca afeta o povo nordestino h\u00e1 anos e o Governo n\u00e3o toma medidas definitivas para resolver esse problema. Estamos cansados de medidas paliativas! Enquanto o nosso dinheiro \u00e9 gasto com constru\u00e7\u00e3o de est\u00e1dios e investimentos na Copa, o povo do sert\u00e3o morre de fome e sede, n\u00e3o podemos aceitar essa situa\u00e7\u00e3o!\u201d, protesta a estudante B\u00e1rbara Carvalho, do 1\u00ba per\u00edodo de Arquivologia.<\/p>\n<p>De acordo com o professor Henrique Fran\u00e7a, a tem\u00e1tica \u201cProtesto Junino\u201d marcou a organiza\u00e7\u00e3o dos stands e <a href=\"http:\/\/centros.ascom.uepb.edu.br\/ccbsa\/files\/2013\/06\/DSC03950MOD.jpg\"><img loading=\"lazy\" decoding=\"async\" class=\"size-thumbnail wp-image-289 alignleft img-responsive\" alt=\"DSC03950MOD\" src=\"http:\/\/centros.ascom.uepb.edu.br\/ccbsa\/files\/2013\/06\/DSC03950MOD-150x150.jpg\" width=\"150\" height=\"150\" \/><\/a>atividades do evento, como uma forma de aliar a alegria dos festejos juninos \u00e0 for\u00e7a de mobiliza\u00e7\u00e3o do nordestino. \u201cMuito antes destas mobiliza\u00e7\u00f5es de rua aparecerem, n\u00f3s j\u00e1 pens\u00e1vamos nessa tem\u00e1tica e com o movimento de reinvindica\u00e7\u00f5es que tomou conta do pa\u00eds nossa a\u00e7\u00e3o ganhou um f\u00f4lego maior. O nosso grande desafio nesta edi\u00e7\u00e3o do evento foi\u00a0 suscitar uma reflex\u00e3o sobre os problemas que vivenciamos sem perder a alegria que marca os festejos juninos\u201d, explica o docente.<\/p>\n<p>O professor Henrique lembra ainda que todas as atividades do evento s\u00e3o fruto da pesquisa dos estudantes, que se dedicaram para produzir os stands e organizar as a\u00e7\u00f5es, com embasamento e conte\u00fado.<\/p>\n","protected":false},"excerpt":{"rendered":"<p>Alegria e reflex\u00e3o, fartura e mis\u00e9ria, protesto e comemora\u00e7\u00e3o, s\u00e3o termos que apesar de serem antag\u00f4nicos integraram a mesma discuss\u00e3o, durante a 6\u00aa edi\u00e7\u00e3o da Mostra Mem\u00f3ria Cultural Junina, realizada nesta quinta-feira (20) no Campus V da Universidade Estadual da Para\u00edba, em Jo\u00e3o Pessoa. O evento, organizado pelos estudantes do 1\u00ba per\u00edodo do curso de <a class=\"leiamais\" href=\"https:\/\/centros.uepb.edu.br\/ccbsa\/6a-mostra-memoria-cultural-junina-de-arquivologia-discute-a-seca-e-as-desigualdades-sociais-do-nordeste\/\">Leia Mais&#8230;<\/a><\/p>\n","protected":false},"author":8,"featured_media":283,"comment_status":"open","ping_status":"open","sticky":false,"template":"","format":"standard","meta":{"footnotes":""},"categories":[6],"tags":[],"class_list":["post-282","post","type-post","status-publish","format-standard","has-post-thumbnail","hentry","category-slide"],"jetpack_featured_media_url":"https:\/\/centros.uepb.edu.br\/ccbsa\/files\/2013\/06\/FOTO-MOSTRA-JUNINA.jpg","_links":{"self":[{"href":"https:\/\/centros.uepb.edu.br\/ccbsa\/wp-json\/wp\/v2\/posts\/282","targetHints":{"allow":["GET"]}}],"collection":[{"href":"https:\/\/centros.uepb.edu.br\/ccbsa\/wp-json\/wp\/v2\/posts"}],"about":[{"href":"https:\/\/centros.uepb.edu.br\/ccbsa\/wp-json\/wp\/v2\/types\/post"}],"author":[{"embeddable":true,"href":"https:\/\/centros.uepb.edu.br\/ccbsa\/wp-json\/wp\/v2\/users\/8"}],"replies":[{"embeddable":true,"href":"https:\/\/centros.uepb.edu.br\/ccbsa\/wp-json\/wp\/v2\/comments?post=282"}],"version-history":[{"count":0,"href":"https:\/\/centros.uepb.edu.br\/ccbsa\/wp-json\/wp\/v2\/posts\/282\/revisions"}],"wp:featuredmedia":[{"embeddable":true,"href":"https:\/\/centros.uepb.edu.br\/ccbsa\/wp-json\/wp\/v2\/media\/283"}],"wp:attachment":[{"href":"https:\/\/centros.uepb.edu.br\/ccbsa\/wp-json\/wp\/v2\/media?parent=282"}],"wp:term":[{"taxonomy":"category","embeddable":true,"href":"https:\/\/centros.uepb.edu.br\/ccbsa\/wp-json\/wp\/v2\/categories?post=282"},{"taxonomy":"post_tag","embeddable":true,"href":"https:\/\/centros.uepb.edu.br\/ccbsa\/wp-json\/wp\/v2\/tags?post=282"}],"curies":[{"name":"wp","href":"https:\/\/api.w.org\/{rel}","templated":true}]}}