{"id":2811,"date":"2016-04-07T14:17:34","date_gmt":"2016-04-07T14:17:34","guid":{"rendered":"https:\/\/centros.uepb.edu.br\/ccbsa\/?p=2811"},"modified":"2016-04-19T11:35:09","modified_gmt":"2016-04-19T11:35:09","slug":"campus-v-recebe-caravana-promovida-pela-coordenadoria-de-relacoes-internacionais-para-apresentar-plano-de-acoes","status":"publish","type":"post","link":"https:\/\/centros.uepb.edu.br\/ccbsa\/campus-v-recebe-caravana-promovida-pela-coordenadoria-de-relacoes-internacionais-para-apresentar-plano-de-acoes\/","title":{"rendered":"Campus V recebe caravana promovida pela Coordenadoria de Rela\u00e7\u00f5es Internacionais para apresentar plano de a\u00e7\u00f5es"},"content":{"rendered":"<p>&nbsp;<\/p>\n<p><a href=\"https:\/\/centros.uepb.edu.br\/ccbsa\/files\/2016\/04\/CORI-1.jpg\" rel=\"attachment wp-att-2813\"><img loading=\"lazy\" decoding=\"async\" class=\"aligncenter size-full wp-image-2813 img-responsive\" src=\"https:\/\/centros.uepb.edu.br\/ccbsa\/files\/2016\/04\/CORI-1.jpg\" alt=\"CORI\" width=\"840\" height=\"454\" srcset=\"https:\/\/centros.uepb.edu.br\/ccbsa\/files\/2016\/04\/CORI-1.jpg 840w, https:\/\/centros.uepb.edu.br\/ccbsa\/files\/2016\/04\/CORI-1-300x162.jpg 300w, https:\/\/centros.uepb.edu.br\/ccbsa\/files\/2016\/04\/CORI-1-768x415.jpg 768w, https:\/\/centros.uepb.edu.br\/ccbsa\/files\/2016\/04\/CORI-1-370x200.jpg 370w\" sizes=\"auto, (max-width: 840px) 100vw, 840px\" \/><\/a><\/p>\n<p>A Coordenadoria de Rela\u00e7\u00f5es Internacionais (CoRI) promove, nesta quarta-feira, nos turnos da manh\u00e3, e noite, no Centro de Ci\u00eancias Biol\u00f3gicas e Sociais Aplicadas (CCBSA), a \u201cCaravana CoRI\u201d, evento com o objetivo de divulgar em todos os Campi da Universidade Estadual da Para\u00edba (UEPB), o plano de internacionaliza\u00e7\u00e3o da UEPB com todas as atividades a serem desenvolvidas este ano.<\/p>\n<p>O plano, conforme explicou a professora Maria Cezilene Morais, coordenadora de Rela\u00e7\u00f5es Internacionais da UEPB, \u00e9 fundamentado em tr\u00eas grandes eixos, que s\u00e3o o Centro de Idiomas, que correspondem aos cursos de l\u00ednguas, e as provas de nivelamento, al\u00e9m dos programas de mobilidade e os conv\u00eanios com universidades internacionais.<\/p>\n<p>Durante o dia de atividades parte da equipe da CoRI far\u00e1 a divulga\u00e7\u00e3o atrav\u00e9s de banners e panfletos da UEPB e das institui\u00e7\u00f5es parceiras nos corredores do CCBSA, e outro grupo da coordenadoria ficar\u00e1 respons\u00e1vel por uma apresenta\u00e7\u00e3o que ser\u00e1 feitas no audit\u00f3rio Pioneiros, para os discentes, docentes e t\u00e9cnicos administrativos do turno da manh\u00e3 das 9h30 \u00e0s 10h30 e \u00e0 noite, das 18h30 \u00e0s 19h30.<\/p>\n<p>A CoRi tem uma intensa agenda de atividades desenvolvidas ao longo de todo o semestre e que ratificam a proposta de que a \u201cci\u00eancia n\u00e3o tem fronteiras\u201d. Sobre a pol\u00edtica de mobilidade, a UEPB tem v\u00e1rias a\u00e7\u00f5es, dentre elas um programa que ser\u00e1 lan\u00e7ado em breve e que permitir\u00e1 a ida de 10 estudantes para universidades em Portugal, Espanha e It\u00e1lia.<\/p>\n<p>No que diz respeito aos conv\u00eanios de interc\u00e2mbio, a UEPB conta atualmente com 30 parcerias celebradas com universidades p\u00fablicas de pa\u00edses como Espanha, Estados Unidos, Argentina, Chile, Col\u00f4mbia, Cuba, Equador, M\u00e9xico, Peru, Porto Rico, Uruguai, entre outras.<\/p>\n","protected":false},"excerpt":{"rendered":"<p>&nbsp; A Coordenadoria de Rela\u00e7\u00f5es Internacionais (CoRI) promove, nesta quarta-feira, nos turnos da manh\u00e3, e noite, no Centro de Ci\u00eancias Biol\u00f3gicas e Sociais Aplicadas (CCBSA), a \u201cCaravana CoRI\u201d, evento com o objetivo de divulgar em todos os Campi da Universidade Estadual da Para\u00edba (UEPB), o plano de internacionaliza\u00e7\u00e3o da UEPB com todas as atividades a <a class=\"leiamais\" href=\"https:\/\/centros.uepb.edu.br\/ccbsa\/campus-v-recebe-caravana-promovida-pela-coordenadoria-de-relacoes-internacionais-para-apresentar-plano-de-acoes\/\">Leia Mais&#8230;<\/a><\/p>\n","protected":false},"author":8,"featured_media":2813,"comment_status":"closed","ping_status":"closed","sticky":false,"template":"","format":"standard","meta":{"footnotes":""},"categories":[3,11],"tags":[],"class_list":["post-2811","post","type-post","status-publish","format-standard","has-post-thumbnail","hentry","category-noticias","category-noticias-destaque-img"],"jetpack_featured_media_url":"https:\/\/centros.uepb.edu.br\/ccbsa\/files\/2016\/04\/CORI-1.jpg","_links":{"self":[{"href":"https:\/\/centros.uepb.edu.br\/ccbsa\/wp-json\/wp\/v2\/posts\/2811","targetHints":{"allow":["GET"]}}],"collection":[{"href":"https:\/\/centros.uepb.edu.br\/ccbsa\/wp-json\/wp\/v2\/posts"}],"about":[{"href":"https:\/\/centros.uepb.edu.br\/ccbsa\/wp-json\/wp\/v2\/types\/post"}],"author":[{"embeddable":true,"href":"https:\/\/centros.uepb.edu.br\/ccbsa\/wp-json\/wp\/v2\/users\/8"}],"replies":[{"embeddable":true,"href":"https:\/\/centros.uepb.edu.br\/ccbsa\/wp-json\/wp\/v2\/comments?post=2811"}],"version-history":[{"count":0,"href":"https:\/\/centros.uepb.edu.br\/ccbsa\/wp-json\/wp\/v2\/posts\/2811\/revisions"}],"wp:featuredmedia":[{"embeddable":true,"href":"https:\/\/centros.uepb.edu.br\/ccbsa\/wp-json\/wp\/v2\/media\/2813"}],"wp:attachment":[{"href":"https:\/\/centros.uepb.edu.br\/ccbsa\/wp-json\/wp\/v2\/media?parent=2811"}],"wp:term":[{"taxonomy":"category","embeddable":true,"href":"https:\/\/centros.uepb.edu.br\/ccbsa\/wp-json\/wp\/v2\/categories?post=2811"},{"taxonomy":"post_tag","embeddable":true,"href":"https:\/\/centros.uepb.edu.br\/ccbsa\/wp-json\/wp\/v2\/tags?post=2811"}],"curies":[{"name":"wp","href":"https:\/\/api.w.org\/{rel}","templated":true}]}}