{"id":2782,"date":"2016-04-05T12:54:58","date_gmt":"2016-04-05T12:54:58","guid":{"rendered":"https:\/\/centros.uepb.edu.br\/ccbsa\/?p=2782"},"modified":"2016-04-05T12:56:01","modified_gmt":"2016-04-05T12:56:01","slug":"campus-de-joao-pessoa-realiza-seminario-de-gestao-de-recursos-hidricos-e-residuos-solidos","status":"publish","type":"post","link":"https:\/\/centros.uepb.edu.br\/ccbsa\/campus-de-joao-pessoa-realiza-seminario-de-gestao-de-recursos-hidricos-e-residuos-solidos\/","title":{"rendered":"Campus de Jo\u00e3o Pessoa realiza semin\u00e1rio de gest\u00e3o de recursos h\u00eddricos e res\u00edduos s\u00f3lidos"},"content":{"rendered":"<p><a href=\"https:\/\/centros.uepb.edu.br\/ccbsa\/files\/2016\/04\/DSC03401.jpg\" rel=\"attachment wp-att-2783\"><img loading=\"lazy\" decoding=\"async\" class=\"aligncenter size-full wp-image-2783 img-responsive\" src=\"https:\/\/centros.uepb.edu.br\/ccbsa\/files\/2016\/04\/DSC03401.jpg\" alt=\"\" width=\"840\" height=\"454\" srcset=\"https:\/\/centros.uepb.edu.br\/ccbsa\/files\/2016\/04\/DSC03401.jpg 840w, https:\/\/centros.uepb.edu.br\/ccbsa\/files\/2016\/04\/DSC03401-300x162.jpg 300w, https:\/\/centros.uepb.edu.br\/ccbsa\/files\/2016\/04\/DSC03401-768x415.jpg 768w, https:\/\/centros.uepb.edu.br\/ccbsa\/files\/2016\/04\/DSC03401-370x200.jpg 370w\" sizes=\"auto, (max-width: 840px) 100vw, 840px\" \/><\/a><\/p>\n<p>O impacto do lixo nas bacias hidrogr\u00e1ficas, a pol\u00edtica nacional de res\u00edduos, o desperd\u00edcio de \u00e1gua, lixo e vulnerabilidade socioambiental, essas s\u00e3o algumas das preocupa\u00e7\u00f5es de gestores, pesquisadores e da sociedade no s\u00e9culo XXI, abordadas durante o \u201cSemin\u00e1rio Integrado: gest\u00e3o de recursos h\u00eddricos e gest\u00e3o de res\u00edduos s\u00f3lidos\u201d, realizado nesta segunda-feira (4), pela manh\u00e3 e \u00e0 tarde, no Campus V da Universidade Estadual da Para\u00edba (UEPB).<\/p>\n<p>O evento, que \u00e9 promovido pelo projeto de extens\u00e3o \u201cMobiliza\u00e7\u00e3o, inclus\u00e3o e forma\u00e7\u00e3o de catadores\/as de materiais recicl\u00e1veis da cidade de Jo\u00e3o Pessoa: uma experi\u00eancia necess\u00e1ria\u201d,\u00a0contou com a participa\u00e7\u00e3o de estudantes, docentes, pesquisadores, gestores e catadores de res\u00edduos s\u00f3lidos de Jo\u00e3o Pessoa.<\/p>\n<p>De acordo com a respons\u00e1vel pela organiza\u00e7\u00e3o do semin\u00e1rio, professora F\u00e1tima Ara\u00fajo, essa iniciativa \u00e9 voltada \u00e0 forma\u00e7\u00e3o de catadores da cooperativa Acordo Verde, al\u00e9m de configurar-se como uma oportunidade de aproxima\u00e7\u00e3o entre os \u00f3rg\u00e3os p\u00fablicos de gest\u00e3o ambiental, academia e comunidade, com o objetivo discutir uma tem\u00e1tica de relev\u00e2ncia mundial.<\/p>\n<p>\u201cA partir da Lei 12.305, que institui a pol\u00edtica nacional de res\u00edduos s\u00f3lidos, percebemos uma mudan\u00e7a de postura e de responsabilidades relacionadas \u00e0 gest\u00e3o dos res\u00edduos que passa a ser compartilhadas entre poderes p\u00fablicos e geradores de res\u00edduos.<\/p>\n<p>Com rela\u00e7\u00e3o aos recursos h\u00eddricos a crise que presenciamos e o desperd\u00edcio tamb\u00e9m tem servido de alerta. Sendo assim, eventos com essa tem\u00e1tica, que buscam despertar um senso cr\u00edtico quanto ao papel de cada cidad\u00e3o enquanto agente multiplicadores para a preserva\u00e7\u00e3o dos recursos h\u00eddricos e gest\u00e3o eficaz dos res\u00edduos s\u00f3lidos, cumprem o papel social e \u00e9tico da universidade\u201d, avalia professora F\u00e1tima.<\/p>\n<p><a href=\"https:\/\/centros.uepb.edu.br\/ccbsa\/files\/2016\/04\/DSC03404.jpg\" rel=\"attachment wp-att-2784\"><img loading=\"lazy\" decoding=\"async\" class=\"aligncenter size-full wp-image-2784 img-responsive\" src=\"https:\/\/centros.uepb.edu.br\/ccbsa\/files\/2016\/04\/DSC03404.jpg\" alt=\"\" width=\"840\" height=\"454\" srcset=\"https:\/\/centros.uepb.edu.br\/ccbsa\/files\/2016\/04\/DSC03404.jpg 840w, https:\/\/centros.uepb.edu.br\/ccbsa\/files\/2016\/04\/DSC03404-300x162.jpg 300w, https:\/\/centros.uepb.edu.br\/ccbsa\/files\/2016\/04\/DSC03404-768x415.jpg 768w, https:\/\/centros.uepb.edu.br\/ccbsa\/files\/2016\/04\/DSC03404-370x200.jpg 370w\" sizes=\"auto, (max-width: 840px) 100vw, 840px\" \/><\/a><\/p>\n<p>Durante o evento, o representante da secretaria de Recursos H\u00eddricos, do Meio Ambiente, da Ci\u00eancia e Tecnologia da Para\u00edba (Serhmact), Beranger Arnaldo de Ara\u00fajo, apresentou um levantamento sobre o impacto do lixo nas bacia hidrogr\u00e1ficas da Para\u00edba. J\u00e1 o pesquisador do curso de Ci\u00eancias Biol\u00f3gicas do Centro de Ci\u00eancias Biol\u00f3gicas e Sociais Aplicadas da UEPB, professor \u00canio Wocyli Dantas, discutiu o ciclo de desperd\u00edcio da \u00e1gua e as poss\u00edveis medidas de economia, a partir de solu\u00e7\u00f5es caseiras simples como a redu\u00e7\u00e3o do tempo do banho, o uso do balde em substitui\u00e7\u00e3o \u00e0 mangueira, a troca da descargas por modelos mais modernos que utilizam uma quantidade de \u00e1gua menor, entre outras.<\/p>\n<p>Uma das iniciativas de economia apresentadas no Semin\u00e1rio \u00e9 o Ecoxixi, uma esp\u00e9cie de recipiente que utiliza o ralo do banheiro para o dep\u00f3sito de urina, evitando a utiliza\u00e7\u00e3o da descarga e, assim, economizando \u00e1gua. O mecanismo, desenvolvido em Campina Grande, e j\u00e1 a venda em diversos estabelecimentos comerciais da cidade, esteve sendo comercializado durante o semin\u00e1rio. A manh\u00e3 de atividades foi encerrada com a palestra \u201cA quest\u00e3o da \u00e1gua: risco e vulnerabilidade socioambiental\u201d, ministrada pelo professor Vancarder Brito de Sousa.<\/p>\n<p>O turno da tarde contou com a palestra \u201cGest\u00e3o de recursos h\u00eddricos e polui\u00e7\u00e3o h\u00eddrica\u201d, tendo como ministrante da professora Lov\u00e2nia Maria Secco Wenlony. Em seguida foi realizada a mesa-redonda com a participa\u00e7\u00e3o do professor \u00canio Wocyli Dantas; a graduanda em Ci\u00eancias Biol\u00f3gicas Vivianne Evelyn Alves; o professor Vancarder Brito de Sousa e a representante dos catadores de res\u00edduos s\u00f3lidos Egrinalda dos Santos.<\/p>\n<p><strong>Crise ambiental no Brasil: a m\u00e1 gest\u00e3o de recursos h\u00eddricos e res\u00edduos s\u00f3lidos<\/strong><\/p>\n<p>Um relat\u00f3rio da Organiza\u00e7\u00e3o para a Coopera\u00e7\u00e3o e Desenvolvimento Econ\u00f4mico (OCDE) divulgado em setembro de 2015 constatou que planos de recursos h\u00eddricos em todos os n\u00edveis no Brasil s\u00e3o mal coordenados e raramente colocados em pr\u00e1tica. \u00a0O documento intitulado \u201cGovernan\u00e7a dos Recursos H\u00eddricos no Brasil\u201d, \u00e9 resultado de um di\u00e1logo com mais de cem institui\u00e7\u00f5es, entre minist\u00e9rios, \u00f3rg\u00e3os p\u00fablicos de diferentes n\u00edveis de governo, setor privado e sociedade civil resultando num amplo diagn\u00f3stico e sugest\u00f5es de atua\u00e7\u00e3o sobre a gest\u00e3o de recursos h\u00eddricos, com foco no Pacto Nacional pela Gest\u00e3o das \u00c1guas e na aloca\u00e7\u00e3o de \u00e1gua. De acordo com o relat\u00f3rio a ideia de que o pa\u00eds \u00e9 \u201caben\u00e7oado\u201d por abund\u00e2ncia de \u00e1gua doce contribuiu para a m\u00e1 gest\u00e3o de recursos h\u00eddricos nos \u00faltimos anos.<\/p>\n<p>Assim, situa\u00e7\u00f5es de desperd\u00edcio de \u00e1gua pelos \u00f3rg\u00e3os p\u00fablicos e sociedade, escassez e polui\u00e7\u00e3o de mananciais, fazem com que a crise h\u00eddrica torne-se uma preocupa\u00e7\u00e3o nacional e projetos e atividades com o objetivo de promover a recupera\u00e7\u00e3o e a preserva\u00e7\u00e3o da qualidade e quantidade dos recursos das bacias hidrogr\u00e1ficas brasileiras e atuem na recupera\u00e7\u00e3o e preserva\u00e7\u00e3o de nascentes, mananciais e cursos d&#8217;\u00e1gua em \u00e1reas urbanas ganhem espa\u00e7o nas discuss\u00f5es governamentais e acad\u00eamicas.<\/p>\n<p>Da mesma forma ocorre com a quest\u00e3o dos res\u00edduos s\u00f3lidos, que, com o aumento da popula\u00e7\u00e3o brasileira s\u00e3o produzidos numa escala cada vez maior o que requer uma preocupa\u00e7\u00e3o quanto ao descarte e reaproveitamento. Segundo dados do\u00a0\u201c<em>Diagn\u00f3stico do Manejo de Res\u00edduos S\u00f3lidos Urbanos\u201d, organizado pelo<\/em> Minist\u00e9rio das Cidades com informa\u00e7\u00f5es sobre o panorama atual da situa\u00e7\u00e3o da gest\u00e3o de res\u00edduos s\u00f3lidos em todo o Brasil em 2014, a coleta seletiva ainda n\u00e3o \u00e9 realidade na maioria dos munic\u00edpios brasileiros e cada pessoa produz diariamente em m\u00e9dia 1kg de lixo.<\/p>\n<p>&nbsp;<\/p>\n","protected":false},"excerpt":{"rendered":"<p>O impacto do lixo nas bacias hidrogr\u00e1ficas, a pol\u00edtica nacional de res\u00edduos, o desperd\u00edcio de \u00e1gua, lixo e vulnerabilidade socioambiental, essas s\u00e3o algumas das preocupa\u00e7\u00f5es de gestores, pesquisadores e da sociedade no s\u00e9culo XXI, abordadas durante o \u201cSemin\u00e1rio Integrado: gest\u00e3o de recursos h\u00eddricos e gest\u00e3o de res\u00edduos s\u00f3lidos\u201d, realizado nesta segunda-feira (4), pela manh\u00e3 e <a class=\"leiamais\" href=\"https:\/\/centros.uepb.edu.br\/ccbsa\/campus-de-joao-pessoa-realiza-seminario-de-gestao-de-recursos-hidricos-e-residuos-solidos\/\">Leia Mais&#8230;<\/a><\/p>\n","protected":false},"author":8,"featured_media":2783,"comment_status":"closed","ping_status":"closed","sticky":false,"template":"","format":"standard","meta":{"footnotes":""},"categories":[3,11],"tags":[],"class_list":["post-2782","post","type-post","status-publish","format-standard","has-post-thumbnail","hentry","category-noticias","category-noticias-destaque-img"],"jetpack_featured_media_url":"https:\/\/centros.uepb.edu.br\/ccbsa\/files\/2016\/04\/DSC03401.jpg","_links":{"self":[{"href":"https:\/\/centros.uepb.edu.br\/ccbsa\/wp-json\/wp\/v2\/posts\/2782","targetHints":{"allow":["GET"]}}],"collection":[{"href":"https:\/\/centros.uepb.edu.br\/ccbsa\/wp-json\/wp\/v2\/posts"}],"about":[{"href":"https:\/\/centros.uepb.edu.br\/ccbsa\/wp-json\/wp\/v2\/types\/post"}],"author":[{"embeddable":true,"href":"https:\/\/centros.uepb.edu.br\/ccbsa\/wp-json\/wp\/v2\/users\/8"}],"replies":[{"embeddable":true,"href":"https:\/\/centros.uepb.edu.br\/ccbsa\/wp-json\/wp\/v2\/comments?post=2782"}],"version-history":[{"count":0,"href":"https:\/\/centros.uepb.edu.br\/ccbsa\/wp-json\/wp\/v2\/posts\/2782\/revisions"}],"wp:featuredmedia":[{"embeddable":true,"href":"https:\/\/centros.uepb.edu.br\/ccbsa\/wp-json\/wp\/v2\/media\/2783"}],"wp:attachment":[{"href":"https:\/\/centros.uepb.edu.br\/ccbsa\/wp-json\/wp\/v2\/media?parent=2782"}],"wp:term":[{"taxonomy":"category","embeddable":true,"href":"https:\/\/centros.uepb.edu.br\/ccbsa\/wp-json\/wp\/v2\/categories?post=2782"},{"taxonomy":"post_tag","embeddable":true,"href":"https:\/\/centros.uepb.edu.br\/ccbsa\/wp-json\/wp\/v2\/tags?post=2782"}],"curies":[{"name":"wp","href":"https:\/\/api.w.org\/{rel}","templated":true}]}}