{"id":277,"date":"2013-06-20T12:09:59","date_gmt":"2013-06-20T12:09:59","guid":{"rendered":"\/ccbsa\/?p=277"},"modified":"2013-06-25T14:59:31","modified_gmt":"2013-06-25T14:59:31","slug":"matriculas-para-a-especializacao-em-fundamentos-da-educacao-sao-prorrogadas-ate-o-dia-25-de-junho","status":"publish","type":"post","link":"https:\/\/centros.uepb.edu.br\/ccbsa\/matriculas-para-a-especializacao-em-fundamentos-da-educacao-sao-prorrogadas-ate-o-dia-25-de-junho\/","title":{"rendered":"Matr\u00edculas para a Especializa\u00e7\u00e3o em Fundamentos da Educa\u00e7\u00e3o encerram hoje, 25 de junho"},"content":{"rendered":"<p>As matr\u00edculas para o curso de Especializa\u00e7\u00e3o em \u201cFundamentos da Educa\u00e7\u00e3o: Pr\u00e1ticas Pedag\u00f3gicas Interdisciplinares\u201d foram prorrogadas at\u00e9 a pr\u00f3xima ter\u00e7a-feira, 25 de junho, nos Campi da Universidade Estadual da Para\u00edba localizados nos munic\u00edpios de Campina Grande, Jo\u00e3o Pessoa, Guarabira, Catol\u00e9 do Rocha, Patos, Monteiro e Araruna, das 8h \u00e0s 12h e das 14h \u00e0s 17h. No Campus V da UEPB as matr\u00edculas s\u00e3o realizadas na secretaria do ensino m\u00e9dio.<\/p>\n<p>Para efetivar a matr\u00edcula \u00e9 necess\u00e1ria a apresenta\u00e7\u00e3o dos seguintes documentos: comprovante de inscri\u00e7\u00e3o, diploma de gradua\u00e7\u00e3o (original e c\u00f3pia), hist\u00f3rico escolar (original e c\u00f3pia), duas fotos 3\u00d74 e original e c\u00f3pia dos documentos pessoais (RG, CPF e comprovante de resid\u00eancia com o nome do servidor) e n\u00famero do Pasep.<\/p>\n<p>O in\u00edcio das aulas est\u00e1 previsto para o dia 6 de julho. Est\u00e3o sendo oferecidas 5.777 vagas. A p\u00f3s-gradua\u00e7\u00e3o \u00e9 destinada aos servidores efetivos, comissionados e aos t\u00e9cnicos administrativos que possuem gradua\u00e7\u00e3o da rede estadual de ensino, classificados no \u00faltimo concurso p\u00fablico estadual, que estejam lotados na SEE. Os inscritos que precisarem imprimir a segunda via do seu comprovante de inscri\u00e7\u00e3o devem acessar o endere\u00e7o eletr\u00f4nico: <a href=\"http:\/\/www.sec.pb.gov.br\/scriptcase\/app\/consultaweb\/web_form_especializacao\/web_form_especializacao.php\">http:\/\/www.sec.pb.gov.br\/scriptcase\/app\/consultaweb\/web_form_especializacao\/web_form_especializacao.php<\/a>.<\/p>\n<p>A primeira etapa da Especializa\u00e7\u00e3o em Fundamentos da Educa\u00e7\u00e3o: Pr\u00e1ticas Pedag\u00f3gicas Interdisciplinares foi iniciada no dia 23 de fevereiro para 2.223 participantes. O curso \u00e9 gratuito e \u00e9 promovido pelo Governo do Estado por meio da Secretaria de Estado da Educa\u00e7\u00e3o (SEE) em parceria com a Universidade Estadual da Para\u00edba (UEPB). Para a realiza\u00e7\u00e3o da atividade foram distribu\u00eddos, desde o primeiro dia de aula, livros did\u00e1ticos que v\u00e3o ser trabalhados durante o curso.<\/p>\n<p>A capacita\u00e7\u00e3o acontece em doze polos localizados nas cidades de Jo\u00e3o Pessoa, Campina Grande, Itabaiana, Cuit\u00e9, Catol\u00e9 do Rocha, Araruna, Guarabira, Monteiro, Princesa Isabel, Sousa, Itaporanga e Patos.<\/p>\n<p>O curso acontece aos s\u00e1bados e \u00e9 formado por nove m\u00f3dulos, com a defesa das monografias. A especializa\u00e7\u00e3o contempla aulas presenciais e \u00e0 dist\u00e2ncia. A grade curricular conta com os seguintes m\u00f3dulos: Identidade e Pluralidade Cultural, Tecnologias Educacionais, Processos de Cidadania e Rela\u00e7\u00f5es Sociais, Comunica\u00e7\u00e3o e Linguagem, Trabalho e Sociedade, M\u00eddia, Cultura e Imagin\u00e1rio Urbano, Teorias e Pr\u00e1ticas de Pesquisa, Elabora\u00e7\u00e3o e Defesas de Monografias e Encerramento das Defesas de Monografias.<br \/>\nOutras informa\u00e7\u00f5es podem ser obtidas na Ger\u00eancia de Recursos Humanos pelos telefones: (083) 3218-4051\/ 3218-4052\/ 3218-4076.<\/p>\n","protected":false},"excerpt":{"rendered":"<p>As matr\u00edculas para o curso de Especializa\u00e7\u00e3o em \u201cFundamentos da Educa\u00e7\u00e3o: Pr\u00e1ticas Pedag\u00f3gicas Interdisciplinares\u201d foram prorrogadas at\u00e9 a pr\u00f3xima ter\u00e7a-feira, 25 de junho, nos Campi da Universidade Estadual da Para\u00edba localizados nos munic\u00edpios de Campina Grande, Jo\u00e3o Pessoa, Guarabira, Catol\u00e9 do Rocha, Patos, Monteiro e Araruna, das 8h \u00e0s 12h e das 14h \u00e0s 17h. <a class=\"leiamais\" href=\"https:\/\/centros.uepb.edu.br\/ccbsa\/matriculas-para-a-especializacao-em-fundamentos-da-educacao-sao-prorrogadas-ate-o-dia-25-de-junho\/\">Leia Mais&#8230;<\/a><\/p>\n","protected":false},"author":8,"featured_media":0,"comment_status":"open","ping_status":"open","sticky":false,"template":"","format":"standard","meta":{"footnotes":""},"categories":[3,5],"tags":[],"class_list":["post-277","post","type-post","status-publish","format-standard","hentry","category-noticias","category-visiveis"],"jetpack_featured_media_url":"","_links":{"self":[{"href":"https:\/\/centros.uepb.edu.br\/ccbsa\/wp-json\/wp\/v2\/posts\/277","targetHints":{"allow":["GET"]}}],"collection":[{"href":"https:\/\/centros.uepb.edu.br\/ccbsa\/wp-json\/wp\/v2\/posts"}],"about":[{"href":"https:\/\/centros.uepb.edu.br\/ccbsa\/wp-json\/wp\/v2\/types\/post"}],"author":[{"embeddable":true,"href":"https:\/\/centros.uepb.edu.br\/ccbsa\/wp-json\/wp\/v2\/users\/8"}],"replies":[{"embeddable":true,"href":"https:\/\/centros.uepb.edu.br\/ccbsa\/wp-json\/wp\/v2\/comments?post=277"}],"version-history":[{"count":0,"href":"https:\/\/centros.uepb.edu.br\/ccbsa\/wp-json\/wp\/v2\/posts\/277\/revisions"}],"wp:attachment":[{"href":"https:\/\/centros.uepb.edu.br\/ccbsa\/wp-json\/wp\/v2\/media?parent=277"}],"wp:term":[{"taxonomy":"category","embeddable":true,"href":"https:\/\/centros.uepb.edu.br\/ccbsa\/wp-json\/wp\/v2\/categories?post=277"},{"taxonomy":"post_tag","embeddable":true,"href":"https:\/\/centros.uepb.edu.br\/ccbsa\/wp-json\/wp\/v2\/tags?post=277"}],"curies":[{"name":"wp","href":"https:\/\/api.w.org\/{rel}","templated":true}]}}