{"id":2733,"date":"2016-03-30T15:04:23","date_gmt":"2016-03-30T15:04:23","guid":{"rendered":"https:\/\/centros.uepb.edu.br\/ccbsa\/?p=2733"},"modified":"2016-04-01T11:06:05","modified_gmt":"2016-04-01T11:06:05","slug":"primeiro-livro-da-coletanea-fundamentos-da-educacao-e-lancado-no-polo-da-ead-de-joao-pessoa","status":"publish","type":"post","link":"https:\/\/centros.uepb.edu.br\/ccbsa\/primeiro-livro-da-coletanea-fundamentos-da-educacao-e-lancado-no-polo-da-ead-de-joao-pessoa\/","title":{"rendered":"Primeiro livro da colet\u00e2nea Fundamentos da Educa\u00e7\u00e3o \u00e9 lan\u00e7ado no polo da EaD de Jo\u00e3o Pessoa"},"content":{"rendered":"<p><a href=\"https:\/\/centros.uepb.edu.br\/ccbsa\/files\/2016\/03\/DSC03306-1.jpg\" rel=\"attachment wp-att-2752\"><img loading=\"lazy\" decoding=\"async\" class=\"aligncenter size-full wp-image-2752 img-responsive\" src=\"https:\/\/centros.uepb.edu.br\/ccbsa\/files\/2016\/03\/DSC03306-1.jpg\" alt=\"\" width=\"840\" height=\"454\" srcset=\"https:\/\/centros.uepb.edu.br\/ccbsa\/files\/2016\/03\/DSC03306-1.jpg 840w, https:\/\/centros.uepb.edu.br\/ccbsa\/files\/2016\/03\/DSC03306-1-300x162.jpg 300w, https:\/\/centros.uepb.edu.br\/ccbsa\/files\/2016\/03\/DSC03306-1-768x415.jpg 768w, https:\/\/centros.uepb.edu.br\/ccbsa\/files\/2016\/03\/DSC03306-1-370x200.jpg 370w\" sizes=\"auto, (max-width: 840px) 100vw, 840px\" \/><\/a><\/p>\n<p>Com a presen\u00e7a de autores, professores da educa\u00e7\u00e3o b\u00e1sica, estudantes, servidores e docentes da Universidade Estadual da Para\u00edba (UEPB), foi realizada na noite desta ter\u00e7a-feira (29) no Polo de Educa\u00e7\u00e3o a Dist\u00e2ncia da UAB\/UEPB em Jo\u00e3o Pessoa, a segunda edi\u00e7\u00e3o do lan\u00e7amento do livro \u201cCotidiano escolar e pr\u00e1ticas pedag\u00f3gicas\u201d, que integra a colet\u00e2nea Fundamentos da Educa\u00e7\u00e3o: pr\u00e1ticas pedag\u00f3gicas interdisciplinares, editado pela Editora da Universidade Estadual da Para\u00edba (EDUEPB).<\/p>\n<p>Organizado pelos professores Alessandro Frederico, Eliane Moura, Luciano Justino, Paula Almeida e Valmir Pereira, este trabalho \u00e9 resultado da produ\u00e7\u00e3o textual da turma 2013\/2014 da Especializa\u00e7\u00e3o Fundamentos da Educa\u00e7\u00e3o oferecida pela Institui\u00e7\u00e3o.<\/p>\n<p>A obra re\u00fane 16 artigos produzidos pelos alunos especialistas e\u00a0orientados pelos professores do curso, que tiveram o cotidiano escolar como seu foco de interesse, agrupado nos seguintes eixos tem\u00e1ticos: Pr\u00e1tica pedag\u00f3gica e cotidiano, Ensino\/aprendizagem e as demandas contempor\u00e2neas da escola, Interdisciplinaridade e interculturalidade com \u00e9ticas do di\u00e1logo, e Letras, artes e Educa\u00e7\u00e3o F\u00edsica na pr\u00e1tica pedag\u00f3gica contempor\u00e2nea. A obra est\u00e1 dispon\u00edvel para aquisi\u00e7\u00e3o na livraria da EDUEPB e dever\u00e1 ser exposta em escolas p\u00fablicas do Estado da Para\u00edba.<\/p>\n<p><a href=\"https:\/\/centros.uepb.edu.br\/ccbsa\/files\/2016\/03\/DSC03281-1.jpg\" rel=\"attachment wp-att-2753\"><img loading=\"lazy\" decoding=\"async\" class=\"aligncenter size-full wp-image-2753 img-responsive\" src=\"https:\/\/centros.uepb.edu.br\/ccbsa\/files\/2016\/03\/DSC03281-1.jpg\" alt=\"\" width=\"840\" height=\"454\" srcset=\"https:\/\/centros.uepb.edu.br\/ccbsa\/files\/2016\/03\/DSC03281-1.jpg 840w, https:\/\/centros.uepb.edu.br\/ccbsa\/files\/2016\/03\/DSC03281-1-300x162.jpg 300w, https:\/\/centros.uepb.edu.br\/ccbsa\/files\/2016\/03\/DSC03281-1-768x415.jpg 768w, https:\/\/centros.uepb.edu.br\/ccbsa\/files\/2016\/03\/DSC03281-1-370x200.jpg 370w\" sizes=\"auto, (max-width: 840px) 100vw, 840px\" \/><\/a><\/p>\n<p>Os pr\u00f3ximos livros da colet\u00e2nea que ser\u00e3o lan\u00e7ados s\u00e3o \u201cTecnologias educacionais: m\u00eddias e pr\u00e1ticas docentes\u201d; \u201cEduca\u00e7\u00e3o do campo e sua inser\u00e7\u00e3o na agenda pol\u00edtica educacional\u201d; \u201cA sociedade brasileira e as diferen\u00e7as socioculturais\u201d; \u201cDiversidade, linguagens e formas de intera\u00e7\u00e3o\u201d. A obra \u201cTecnologias educacionais: m\u00eddias e pr\u00e1ticas docentes\u201d j\u00e1 se encontra em fase de finaliza\u00e7\u00e3o e abordar\u00e1 temas como o uso de recursos comunicacionais e computacionais aplicados \u00e0 educa\u00e7\u00e3o, aprendizagem colaborativa, educa\u00e7\u00e3o a dist\u00e2ncia como pr\u00e1tica de ensino, entre outros.<\/p>\n<p>A pro-reitora de Ensino M\u00e9dio, T\u00e9cnico e Educa\u00e7\u00e3o a Dist\u00e2ncia, professora Eliane de Moura, lembrou que essa segunda edi\u00e7\u00e3o do lan\u00e7amento foi pensada para contemplar os autores pessoenses e celebrar uma iniciativa pioneira da UEPB que \u00e9 fruto de esfor\u00e7o coletivo de gestores, docentes da UEPB e professores da educa\u00e7\u00e3o b\u00e1sica do estado que participaram da especializa\u00e7\u00e3o em Fundamentos da Educa\u00e7\u00e3o ofertada pela UEPB em todo o Estado da Para\u00edba.<\/p>\n<p>\u201cReunimos trabalhos da especializa\u00e7\u00e3o que j\u00e1 estavam sendo pensados no projeto do curso. Desde a concep\u00e7\u00e3o da especializa\u00e7\u00e3o j\u00e1 prev\u00edamos que n\u00f3s iriamos editar uma cole\u00e7\u00e3o que teria as cinco \u00e1reas e linhas de pesquisa do projeto. Esse que estamos lan\u00e7ando \u00e9 o primeiro, o segundo livro abordar\u00e1 novas tecnologias e deve ficar pronto at\u00e9 junho e os outros tr\u00eas livros da cole\u00e7\u00e3o devem ser lan\u00e7ados at\u00e9 dezembro. Este \u00e9 o compromisso da UEPB, uma proposta inovadora de produzir um espa\u00e7o de interlocu\u00e7\u00e3o te\u00f3rico-pr\u00e1tica entre os professores da educa\u00e7\u00e3o b\u00e1sica e os professores da Universidade\u201d, explicou a professora Eliane Moura.<\/p>\n<p><a href=\"https:\/\/centros.uepb.edu.br\/ccbsa\/files\/2016\/03\/DSC03292-1.jpg\" rel=\"attachment wp-att-2754\"><img loading=\"lazy\" decoding=\"async\" class=\"aligncenter size-full wp-image-2754 img-responsive\" src=\"https:\/\/centros.uepb.edu.br\/ccbsa\/files\/2016\/03\/DSC03292-1.jpg\" alt=\"\" width=\"840\" height=\"454\" srcset=\"https:\/\/centros.uepb.edu.br\/ccbsa\/files\/2016\/03\/DSC03292-1.jpg 840w, https:\/\/centros.uepb.edu.br\/ccbsa\/files\/2016\/03\/DSC03292-1-300x162.jpg 300w, https:\/\/centros.uepb.edu.br\/ccbsa\/files\/2016\/03\/DSC03292-1-768x415.jpg 768w, https:\/\/centros.uepb.edu.br\/ccbsa\/files\/2016\/03\/DSC03292-1-370x200.jpg 370w\" sizes=\"auto, (max-width: 840px) 100vw, 840px\" \/><\/a><\/p>\n<p>Um dos autores do livro \u201cCotidiano escolar e pr\u00e1ticas pedag\u00f3gicas\u201d, Celso Gomes Neto, que abordou a aproxima\u00e7\u00e3o pedag\u00f3gica entre Matem\u00e1tica e Geografia, festejou a publica\u00e7\u00e3o do seu trabalho n\u00e3o s\u00f3 como forma de conscientizar a comunidade escolar e acad\u00eamica sobre a possibilidade de utiliza\u00e7\u00e3o das pr\u00e1ticas interdisciplinares nas metodologias educacionais mas, como uma experi\u00eancia que marca seus 30 anos de magist\u00e9rio.<\/p>\n<p>\u201cNessa \u00e9poca em que a UEPB faz 50 anos e eu com 30 anos de ensino, a maior heran\u00e7a que eu poderia deixar \u00e9 um produto que \u00e9 fruto da minha experi\u00eancia de aproxima\u00e7\u00e3o entre a Geografia e Matem\u00e1tica. Achei fant\u00e1stica a possibilidade de mostrar que os m\u00e9todos interdisciplinares facilitam o aprendizado dos estudantes\u201d, avaliou o professor Celso.<\/p>\n<p>&nbsp;<\/p>\n<p>Durante o lan\u00e7amento do livro, o reitor da UEPB, professor Ant\u00f4nio Rangel J\u00fanior, relembrou a trajet\u00f3ria de crescimento do Campus de Jo\u00e3o Pessoa e a import\u00e2ncia dos cursos de educa\u00e7\u00e3o a dist\u00e2ncia para o processo de inclus\u00e3o social e forma\u00e7\u00e3o acad\u00eamica e profissional em todo o Estado da Para\u00edba.<\/p>\n<p>\u201cA UEPB chegou em Jo\u00e3o Pessoa em 2006, a partir de um grande projeto de expans\u00e3o. E hoje, com tr\u00eas cursos de gradua\u00e7\u00e3o e um curso de p\u00f3s-gradua\u00e7\u00e3o consegue, a despeito de grandes\u00a0adversidades, ter um dos centros mais produtivos e criativos de toda a UEPB, com uma produ\u00e7\u00e3o consider\u00e1vel em todas as \u00e1reas. Al\u00e9m disso, conta com um polo de educa\u00e7\u00e3o a dist\u00e2ncia que possibilita a inclus\u00e3o social por meio dos cursos que s\u00e3o ofertados para a comunidade de todo o estado\u201d, avaliou Rangel J\u00fanior.<\/p>\n<p><a href=\"https:\/\/centros.uepb.edu.br\/ccbsa\/files\/2016\/03\/DSC03343-1.jpg\" rel=\"attachment wp-att-2750\"><img loading=\"lazy\" decoding=\"async\" class=\"aligncenter size-full wp-image-2750 img-responsive\" src=\"https:\/\/centros.uepb.edu.br\/ccbsa\/files\/2016\/03\/DSC03343-1.jpg\" alt=\"\" width=\"840\" height=\"454\" srcset=\"https:\/\/centros.uepb.edu.br\/ccbsa\/files\/2016\/03\/DSC03343-1.jpg 840w, https:\/\/centros.uepb.edu.br\/ccbsa\/files\/2016\/03\/DSC03343-1-300x162.jpg 300w, https:\/\/centros.uepb.edu.br\/ccbsa\/files\/2016\/03\/DSC03343-1-768x415.jpg 768w, https:\/\/centros.uepb.edu.br\/ccbsa\/files\/2016\/03\/DSC03343-1-370x200.jpg 370w\" sizes=\"auto, (max-width: 840px) 100vw, 840px\" \/><\/a><\/p>\n<p>Na oportunidade, o reitor tamb\u00e9m comemorou a consolida\u00e7\u00e3o da proposta de gradua\u00e7\u00e3o tecnol\u00f3gica em gest\u00e3o p\u00fablica voltada \u00e0 capacita\u00e7\u00e3o de servidores p\u00fablicos em atividade.<\/p>\n<p>\u201cEstamos olhando para o horizonte com um grande projeto que envolve a gradua\u00e7\u00e3o tecnol\u00f3gica em gest\u00e3o p\u00fablica. A meu ver essa ser\u00e1 uma das maiores contribui\u00e7\u00f5es \u00e0 estrutura p\u00fablica do Estado da Para\u00edba. Como somos uma universidade talhada no desafio, e, sem d\u00favida, uma grande lacuna seja a forma\u00e7\u00e3o para o desenvolvimento, uma vez que muitas vezes presenciamos problemas de uso de recursos, inger\u00eancia, que ocorrem por falta de capacita\u00e7\u00e3o dos servidores para lidar com quest\u00f5es inerentes \u00e0 carreira p\u00fablica, esse curso tem o objetivo de fornecer essa forma\u00e7\u00e3o espec\u00edfica\u201d, avaliou Rangel J\u00fanior.<\/p>\n<p><a href=\"https:\/\/centros.uepb.edu.br\/ccbsa\/files\/2016\/03\/DSC03280-1.jpg\" rel=\"attachment wp-att-2755\"><img loading=\"lazy\" decoding=\"async\" class=\"aligncenter size-full wp-image-2755 img-responsive\" src=\"https:\/\/centros.uepb.edu.br\/ccbsa\/files\/2016\/03\/DSC03280-1.jpg\" alt=\"\" width=\"840\" height=\"454\" srcset=\"https:\/\/centros.uepb.edu.br\/ccbsa\/files\/2016\/03\/DSC03280-1.jpg 840w, https:\/\/centros.uepb.edu.br\/ccbsa\/files\/2016\/03\/DSC03280-1-300x162.jpg 300w, https:\/\/centros.uepb.edu.br\/ccbsa\/files\/2016\/03\/DSC03280-1-768x415.jpg 768w, https:\/\/centros.uepb.edu.br\/ccbsa\/files\/2016\/03\/DSC03280-1-370x200.jpg 370w\" sizes=\"auto, (max-width: 840px) 100vw, 840px\" \/><\/a><\/p>\n<p>Durante a solenidade de lan\u00e7amento do livro tamb\u00e9m foi realizada uma apresenta\u00e7\u00e3o cultural da banda formada pelo professor Henrique Fran\u00e7a e estudantes do curso de Arquivologia da UEPB, vinculadas ao projeto \u201cUma proposta dial\u00f3gica de ensino de g\u00eaneros acad\u00eamicos: nas fronteiras do projeto SESA\u201d, que utiliza a m\u00fasica para o estudo de g\u00eaneros acad\u00eamicos.<\/p>\n","protected":false},"excerpt":{"rendered":"<p>Com a presen\u00e7a de autores, professores da educa\u00e7\u00e3o b\u00e1sica, estudantes, servidores e docentes da Universidade Estadual da Para\u00edba (UEPB), foi realizada na noite desta ter\u00e7a-feira (29) no Polo de Educa\u00e7\u00e3o a Dist\u00e2ncia da UAB\/UEPB em Jo\u00e3o Pessoa, a segunda edi\u00e7\u00e3o do lan\u00e7amento do livro \u201cCotidiano escolar e pr\u00e1ticas pedag\u00f3gicas\u201d, que integra a colet\u00e2nea Fundamentos da <a class=\"leiamais\" href=\"https:\/\/centros.uepb.edu.br\/ccbsa\/primeiro-livro-da-coletanea-fundamentos-da-educacao-e-lancado-no-polo-da-ead-de-joao-pessoa\/\">Leia Mais&#8230;<\/a><\/p>\n","protected":false},"author":8,"featured_media":2750,"comment_status":"closed","ping_status":"closed","sticky":false,"template":"","format":"standard","meta":{"footnotes":""},"categories":[3,11],"tags":[],"class_list":["post-2733","post","type-post","status-publish","format-standard","has-post-thumbnail","hentry","category-noticias","category-noticias-destaque-img"],"jetpack_featured_media_url":"https:\/\/centros.uepb.edu.br\/ccbsa\/files\/2016\/03\/DSC03343-1.jpg","_links":{"self":[{"href":"https:\/\/centros.uepb.edu.br\/ccbsa\/wp-json\/wp\/v2\/posts\/2733","targetHints":{"allow":["GET"]}}],"collection":[{"href":"https:\/\/centros.uepb.edu.br\/ccbsa\/wp-json\/wp\/v2\/posts"}],"about":[{"href":"https:\/\/centros.uepb.edu.br\/ccbsa\/wp-json\/wp\/v2\/types\/post"}],"author":[{"embeddable":true,"href":"https:\/\/centros.uepb.edu.br\/ccbsa\/wp-json\/wp\/v2\/users\/8"}],"replies":[{"embeddable":true,"href":"https:\/\/centros.uepb.edu.br\/ccbsa\/wp-json\/wp\/v2\/comments?post=2733"}],"version-history":[{"count":0,"href":"https:\/\/centros.uepb.edu.br\/ccbsa\/wp-json\/wp\/v2\/posts\/2733\/revisions"}],"wp:featuredmedia":[{"embeddable":true,"href":"https:\/\/centros.uepb.edu.br\/ccbsa\/wp-json\/wp\/v2\/media\/2750"}],"wp:attachment":[{"href":"https:\/\/centros.uepb.edu.br\/ccbsa\/wp-json\/wp\/v2\/media?parent=2733"}],"wp:term":[{"taxonomy":"category","embeddable":true,"href":"https:\/\/centros.uepb.edu.br\/ccbsa\/wp-json\/wp\/v2\/categories?post=2733"},{"taxonomy":"post_tag","embeddable":true,"href":"https:\/\/centros.uepb.edu.br\/ccbsa\/wp-json\/wp\/v2\/tags?post=2733"}],"curies":[{"name":"wp","href":"https:\/\/api.w.org\/{rel}","templated":true}]}}