{"id":2718,"date":"2016-03-17T14:31:50","date_gmt":"2016-03-17T14:31:50","guid":{"rendered":"https:\/\/centros.uepb.edu.br\/ccbsa\/?p=2718"},"modified":"2016-03-17T14:31:50","modified_gmt":"2016-03-17T14:31:50","slug":"polo-da-ead-em-joao-pessoa-sedia-lancamento-de-primeiro-livro-da-coletanea-fundamentos-da-educacao","status":"publish","type":"post","link":"https:\/\/centros.uepb.edu.br\/ccbsa\/polo-da-ead-em-joao-pessoa-sedia-lancamento-de-primeiro-livro-da-coletanea-fundamentos-da-educacao\/","title":{"rendered":"Polo da EaD em Jo\u00e3o Pessoa sedia lan\u00e7amento de primeiro livro da colet\u00e2nea Fundamentos da Educa\u00e7\u00e3o"},"content":{"rendered":"<p>A Pr\u00f3-Reitoria de Ensino M\u00e9dio, T\u00e9cnico e Educa\u00e7\u00e3o a Dist\u00e2ncia da Universidade Estadual da Para\u00edba (PROEAD\/UEPB) realiza, no dia 29 de mar\u00e7o, \u00e0s 17h30, no Polo de Educa\u00e7\u00e3o a Dist\u00e2ncia da UAB\/UEPB, Localizado na Avenida Coremas, n\u00ba 332, Centro, Jo\u00e3o Pessoa, o lan\u00e7amento do livro \u201cCotidiano escolar e pr\u00e1ticas pedag\u00f3gicas\u201d, o primeiro da colet\u00e2nea Fundamentos da Educa\u00e7\u00e3o: pr\u00e1ticas pedag\u00f3gicas interdisciplinares, editado pela Editora da Universidade Estadual da Para\u00edba (EDUEPB).<\/p>\n<p>A obra j\u00e1 havia sido lan\u00e7ada em Campina Grande, no dia 16 de dezembro de 2015, por\u00e9m, de acordo com os respons\u00e1veis pela iniciativa, foi promovido o lan\u00e7amento em Jo\u00e3o Pessoa para que autores e docentes moradores da capital e de cidades pr\u00f3ximas pudessem participar da solenidade.<\/p>\n<p>Organizado pelos professores Alessandro Frederico, Eliane Moura, Luciano Justino, Paula Almeida e Valmir Pereira, este trabalho \u00e9 resultado da produ\u00e7\u00e3o textual da turma 2013\/2014 da Especializa\u00e7\u00e3o Fundamentos da Educa\u00e7\u00e3o oferecida pela Institui\u00e7\u00e3o.<\/p>\n<p>A obra re\u00fane 16 artigos produzidos pelos alunos especialistas e orientados pelos professores do curso, separados em quatro eixos tem\u00e1ticos que abordam assuntos envolvendo as pr\u00e1ticas pedag\u00f3gicas interdisciplinares. Segundo a professora Eliane Moura, a proposta inicial surgiu com a perspectiva inovadora de oferecer uma capacita\u00e7\u00e3o aos professores da rede estadual e, a partir disso, produzir uma colet\u00e2nea que correspondesse aos eixos das linhas de pesquisa do curso.<\/p>\n<p>\u201cO nosso programa de especializa\u00e7\u00e3o come\u00e7ou como um curso de forma\u00e7\u00e3o. Ele foi sendo ampliado, j\u00e1 que temos uma parceria com a Secretaria de Estado de Educa\u00e7\u00e3o, e hoje as discuss\u00f5es acerca da Especializa\u00e7\u00e3o em Fundamentos da Educa\u00e7\u00e3o j\u00e1 se encontram na Pr\u00f3-Reitoria de P\u00f3s-Gradua\u00e7\u00e3o e Pesquisa (PRPGP) para possibilitarmos um curso de Mestrado. Essa colet\u00e2nea contar\u00e1 com cinco livros que, al\u00e9m de comprovar a produ\u00e7\u00e3o textual dos especialistas, ir\u00e1 abordar temas importantes acerca da Educa\u00e7\u00e3o\u201d, disse Eliane.<\/p>\n<p>O livro \u201cCotidiano escolar e pr\u00e1ticas pedag\u00f3gicas\u201d \u00e9 resultado de pesquisas empreendidas pelos grupos de especialistas que tiveram o cotidiano escolar como seu foco de interesse, agrupado nos seguintes eixos tem\u00e1ticos: Pr\u00e1tica pedag\u00f3gica e cotidiano, Ensino\/aprendizagem e as demandas contempor\u00e2neas da escola, Interdisciplinaridade e interculturalidade com \u00e9ticas do di\u00e1logo, e Letras, artes e Educa\u00e7\u00e3o F\u00edsica na pr\u00e1tica pedag\u00f3gica contempor\u00e2nea. Ap\u00f3s o lan\u00e7amento da obra, ela estar\u00e1 dispon\u00edvel para aquisi\u00e7\u00e3o na livraria da EDUEPB.<\/p>\n<p>Os pr\u00f3ximos livros da colet\u00e2nea que ser\u00e3o lan\u00e7ados ser\u00e3o \u201cTecnologias educacionais: m\u00eddias e pr\u00e1ticas docentes\u201d; \u201cEduca\u00e7\u00e3o do campo e sua inser\u00e7\u00e3o na agenda pol\u00edtica educacional\u201d; \u201cA sociedade brasileira e as diferen\u00e7as socioculturais\u201d; \u201cDiversidade, linguagens e formas de intera\u00e7\u00e3o\u201d. A obra \u201cTecnologias educacionais: m\u00eddias e pr\u00e1ticas docentes\u201d j\u00e1 se encontra em fase de finaliza\u00e7\u00e3o e abordar\u00e1 temas como o uso de recursos comunicacionais e computacionais aplicados \u00e0 educa\u00e7\u00e3o, aprendizagem colaborativa, educa\u00e7\u00e3o a dist\u00e2ncia como pr\u00e1tica de ensino, entre outros.<br \/>\n<em><strong>Texto:<\/strong> Givaldo Cavalcanti e Juliana Marques<\/em><\/p>\n","protected":false},"excerpt":{"rendered":"<p>A Pr\u00f3-Reitoria de Ensino M\u00e9dio, T\u00e9cnico e Educa\u00e7\u00e3o a Dist\u00e2ncia da Universidade Estadual da Para\u00edba (PROEAD\/UEPB) realiza, no dia 29 de mar\u00e7o, \u00e0s 17h30, no Polo de Educa\u00e7\u00e3o a Dist\u00e2ncia da UAB\/UEPB, Localizado na Avenida Coremas, n\u00ba 332, Centro, Jo\u00e3o Pessoa, o lan\u00e7amento do livro \u201cCotidiano escolar e pr\u00e1ticas pedag\u00f3gicas\u201d, o primeiro da colet\u00e2nea Fundamentos <a class=\"leiamais\" href=\"https:\/\/centros.uepb.edu.br\/ccbsa\/polo-da-ead-em-joao-pessoa-sedia-lancamento-de-primeiro-livro-da-coletanea-fundamentos-da-educacao\/\">Leia Mais&#8230;<\/a><\/p>\n","protected":false},"author":8,"featured_media":0,"comment_status":"closed","ping_status":"closed","sticky":false,"template":"","format":"standard","meta":{"footnotes":""},"categories":[3,5],"tags":[],"class_list":["post-2718","post","type-post","status-publish","format-standard","hentry","category-noticias","category-visiveis"],"jetpack_featured_media_url":"","_links":{"self":[{"href":"https:\/\/centros.uepb.edu.br\/ccbsa\/wp-json\/wp\/v2\/posts\/2718","targetHints":{"allow":["GET"]}}],"collection":[{"href":"https:\/\/centros.uepb.edu.br\/ccbsa\/wp-json\/wp\/v2\/posts"}],"about":[{"href":"https:\/\/centros.uepb.edu.br\/ccbsa\/wp-json\/wp\/v2\/types\/post"}],"author":[{"embeddable":true,"href":"https:\/\/centros.uepb.edu.br\/ccbsa\/wp-json\/wp\/v2\/users\/8"}],"replies":[{"embeddable":true,"href":"https:\/\/centros.uepb.edu.br\/ccbsa\/wp-json\/wp\/v2\/comments?post=2718"}],"version-history":[{"count":0,"href":"https:\/\/centros.uepb.edu.br\/ccbsa\/wp-json\/wp\/v2\/posts\/2718\/revisions"}],"wp:attachment":[{"href":"https:\/\/centros.uepb.edu.br\/ccbsa\/wp-json\/wp\/v2\/media?parent=2718"}],"wp:term":[{"taxonomy":"category","embeddable":true,"href":"https:\/\/centros.uepb.edu.br\/ccbsa\/wp-json\/wp\/v2\/categories?post=2718"},{"taxonomy":"post_tag","embeddable":true,"href":"https:\/\/centros.uepb.edu.br\/ccbsa\/wp-json\/wp\/v2\/tags?post=2718"}],"curies":[{"name":"wp","href":"https:\/\/api.w.org\/{rel}","templated":true}]}}