{"id":2701,"date":"2016-03-14T14:42:24","date_gmt":"2016-03-14T14:42:24","guid":{"rendered":"https:\/\/centros.uepb.edu.br\/ccbsa\/?p=2701"},"modified":"2016-03-14T15:02:01","modified_gmt":"2016-03-14T15:02:01","slug":"direcao-do-ccbsa-convida-a-comunidade-academica-para-defesa-publica-de-memorial-de-docente","status":"publish","type":"post","link":"https:\/\/centros.uepb.edu.br\/ccbsa\/direcao-do-ccbsa-convida-a-comunidade-academica-para-defesa-publica-de-memorial-de-docente\/","title":{"rendered":"Dire\u00e7\u00e3o do CCBSA convida a comunidade acad\u00eamica para defesa p\u00fablica de memorial de docente"},"content":{"rendered":"<p>A dire\u00e7\u00e3o do Centro de Ci\u00eancias Biol\u00f3gicas e Sociais Aplicadas (CCBSA) da Universidade Estadual da Para\u00edba (UEPB) convida a todos os interessados para a defesa p\u00fablica do memorial do professor Elvio S\u00e9rgio Medeiros Figueiredo, a ser realizada nesta quinta-feira, 17 de mar\u00e7o, das 14 \u00e0s 18h, no audit\u00f3rio Pioneiros, visando a progress\u00e3o funcional da categoria Professor Doutor para Professor Doutor Associado.<\/p>\n<p>Al\u00e9m das atribui\u00e7\u00f5es da classe de Professor Doutor, o Professor Doutor Associado deve desenvolver a consolida\u00e7\u00e3o como l\u00edder de uma linha de pesquisa e elabora\u00e7\u00e3o de proposta te\u00f3rico-metodol\u00f3gica em sua \u00e1rea de conhecimento, participa\u00e7\u00e3o em banca de concursos para Professor Doutor e atividades de p\u00f3s-gradua\u00e7\u00e3o.<\/p>\n<p>Para a progress\u00e3o funcional o docente deve estar na classe \u201cD\u201d, como Professor Doutor h\u00e1, pelo menos, dois anos; pontua\u00e7\u00e3o de desempenho acad\u00eamico, estabelecido conforme tabela de pontos e uma avalia\u00e7\u00e3o de desempenho por uma banca examinadora em defesa p\u00fablica de memorial.<\/p>\n<p>No caso da defesa do professor Elvio, a banca \u00e9 composta pelos professores da UEPB, Jos\u00e9 Etham de Lucena Barbosa, e da UFPB, Ricardo de Souza Rocha e Robson Tamar da Costa Ramos.<\/p>\n","protected":false},"excerpt":{"rendered":"<p>A dire\u00e7\u00e3o do Centro de Ci\u00eancias Biol\u00f3gicas e Sociais Aplicadas (CCBSA) da Universidade Estadual da Para\u00edba (UEPB) convida a todos os interessados para a defesa p\u00fablica do memorial do professor Elvio S\u00e9rgio Medeiros Figueiredo, a ser realizada nesta quinta-feira, 17 de mar\u00e7o, das 14 \u00e0s 18h, no audit\u00f3rio Pioneiros, visando a progress\u00e3o funcional da categoria <a class=\"leiamais\" href=\"https:\/\/centros.uepb.edu.br\/ccbsa\/direcao-do-ccbsa-convida-a-comunidade-academica-para-defesa-publica-de-memorial-de-docente\/\">Leia Mais&#8230;<\/a><\/p>\n","protected":false},"author":8,"featured_media":0,"comment_status":"closed","ping_status":"closed","sticky":false,"template":"","format":"standard","meta":{"footnotes":""},"categories":[3,5],"tags":[],"class_list":["post-2701","post","type-post","status-publish","format-standard","hentry","category-noticias","category-visiveis"],"jetpack_featured_media_url":"","_links":{"self":[{"href":"https:\/\/centros.uepb.edu.br\/ccbsa\/wp-json\/wp\/v2\/posts\/2701","targetHints":{"allow":["GET"]}}],"collection":[{"href":"https:\/\/centros.uepb.edu.br\/ccbsa\/wp-json\/wp\/v2\/posts"}],"about":[{"href":"https:\/\/centros.uepb.edu.br\/ccbsa\/wp-json\/wp\/v2\/types\/post"}],"author":[{"embeddable":true,"href":"https:\/\/centros.uepb.edu.br\/ccbsa\/wp-json\/wp\/v2\/users\/8"}],"replies":[{"embeddable":true,"href":"https:\/\/centros.uepb.edu.br\/ccbsa\/wp-json\/wp\/v2\/comments?post=2701"}],"version-history":[{"count":0,"href":"https:\/\/centros.uepb.edu.br\/ccbsa\/wp-json\/wp\/v2\/posts\/2701\/revisions"}],"wp:attachment":[{"href":"https:\/\/centros.uepb.edu.br\/ccbsa\/wp-json\/wp\/v2\/media?parent=2701"}],"wp:term":[{"taxonomy":"category","embeddable":true,"href":"https:\/\/centros.uepb.edu.br\/ccbsa\/wp-json\/wp\/v2\/categories?post=2701"},{"taxonomy":"post_tag","embeddable":true,"href":"https:\/\/centros.uepb.edu.br\/ccbsa\/wp-json\/wp\/v2\/tags?post=2701"}],"curies":[{"name":"wp","href":"https:\/\/api.w.org\/{rel}","templated":true}]}}