{"id":2690,"date":"2016-03-10T12:00:52","date_gmt":"2016-03-10T12:00:52","guid":{"rendered":"https:\/\/centros.uepb.edu.br\/ccbsa\/?p=2690"},"modified":"2016-03-10T12:00:52","modified_gmt":"2016-03-10T12:00:52","slug":"formandos-de-arquivologia-participam-de-palestra-sobre-normas-da-abnt-e-orientacoes-de-tcc","status":"publish","type":"post","link":"https:\/\/centros.uepb.edu.br\/ccbsa\/formandos-de-arquivologia-participam-de-palestra-sobre-normas-da-abnt-e-orientacoes-de-tcc\/","title":{"rendered":"Formandos de Arquivologia participam de palestra sobre normas da ABNT e orienta\u00e7\u00f5es de TCC"},"content":{"rendered":"<p><a href=\"https:\/\/centros.uepb.edu.br\/ccbsa\/files\/2016\/03\/20160309_100326.jpg\" rel=\"attachment wp-att-2691\"><img loading=\"lazy\" decoding=\"async\" class=\"alignleft size-thumbnail wp-image-2691 img-responsive\" src=\"https:\/\/centros.uepb.edu.br\/ccbsa\/files\/2016\/03\/20160309_100326-150x150.jpg\" alt=\"20160309_100326\" width=\"150\" height=\"150\" srcset=\"https:\/\/centros.uepb.edu.br\/ccbsa\/files\/2016\/03\/20160309_100326-150x150.jpg 150w, https:\/\/centros.uepb.edu.br\/ccbsa\/files\/2016\/03\/20160309_100326-50x50.jpg 50w\" sizes=\"auto, (max-width: 150px) 100vw, 150px\" \/><\/a>A Coordena\u00e7\u00e3o de Trabalho de Conclus\u00e3o de Curso (TCC) do Bacharelado em Arquivologia da Universidade Estadual da Para\u00edba (UEPB) realizou na manh\u00e3 desta quarta-feira (9) no audit\u00f3rio Pioneiros uma palestra voltada aos formandos do per\u00edodo letivo 2015.2 sobre as normas da ABNT e as orienta\u00e7\u00f5es para a realiza\u00e7\u00e3o dos TCCs de acordo com Regimento de Gradua\u00e7\u00e3o aprovado em 2015 e adotados pela UEPB.<\/p>\n<p>De acordo com o coordenador adjunto do curso de arquivologia, professor Germano Ramalho, a atividade proferida pela professora Wendia Andrade faz parte de uma iniciativa da coordena\u00e7\u00e3o de TCC no sentido de oferecer aos formandos do curso de Arquivologia orienta\u00e7\u00f5es que possibilitem a conclus\u00e3o de trabalhos em tempo h\u00e1bil.<\/p>\n","protected":false},"excerpt":{"rendered":"<p>A Coordena\u00e7\u00e3o de Trabalho de Conclus\u00e3o de Curso (TCC) do Bacharelado em Arquivologia da Universidade Estadual da Para\u00edba (UEPB) realizou na manh\u00e3 desta quarta-feira (9) no audit\u00f3rio Pioneiros uma palestra voltada aos formandos do per\u00edodo letivo 2015.2 sobre as normas da ABNT e as orienta\u00e7\u00f5es para a realiza\u00e7\u00e3o dos TCCs de acordo com Regimento de <a class=\"leiamais\" href=\"https:\/\/centros.uepb.edu.br\/ccbsa\/formandos-de-arquivologia-participam-de-palestra-sobre-normas-da-abnt-e-orientacoes-de-tcc\/\">Leia Mais&#8230;<\/a><\/p>\n","protected":false},"author":8,"featured_media":0,"comment_status":"closed","ping_status":"closed","sticky":false,"template":"","format":"standard","meta":{"footnotes":""},"categories":[3,5],"tags":[],"class_list":["post-2690","post","type-post","status-publish","format-standard","hentry","category-noticias","category-visiveis"],"jetpack_featured_media_url":"","_links":{"self":[{"href":"https:\/\/centros.uepb.edu.br\/ccbsa\/wp-json\/wp\/v2\/posts\/2690","targetHints":{"allow":["GET"]}}],"collection":[{"href":"https:\/\/centros.uepb.edu.br\/ccbsa\/wp-json\/wp\/v2\/posts"}],"about":[{"href":"https:\/\/centros.uepb.edu.br\/ccbsa\/wp-json\/wp\/v2\/types\/post"}],"author":[{"embeddable":true,"href":"https:\/\/centros.uepb.edu.br\/ccbsa\/wp-json\/wp\/v2\/users\/8"}],"replies":[{"embeddable":true,"href":"https:\/\/centros.uepb.edu.br\/ccbsa\/wp-json\/wp\/v2\/comments?post=2690"}],"version-history":[{"count":0,"href":"https:\/\/centros.uepb.edu.br\/ccbsa\/wp-json\/wp\/v2\/posts\/2690\/revisions"}],"wp:attachment":[{"href":"https:\/\/centros.uepb.edu.br\/ccbsa\/wp-json\/wp\/v2\/media?parent=2690"}],"wp:term":[{"taxonomy":"category","embeddable":true,"href":"https:\/\/centros.uepb.edu.br\/ccbsa\/wp-json\/wp\/v2\/categories?post=2690"},{"taxonomy":"post_tag","embeddable":true,"href":"https:\/\/centros.uepb.edu.br\/ccbsa\/wp-json\/wp\/v2\/tags?post=2690"}],"curies":[{"name":"wp","href":"https:\/\/api.w.org\/{rel}","templated":true}]}}