{"id":269,"date":"2013-06-19T16:54:41","date_gmt":"2013-06-19T16:54:41","guid":{"rendered":"\/ccbsa\/?p=269"},"modified":"2013-06-19T16:54:41","modified_gmt":"2013-06-19T16:54:41","slug":"curso-de-arquivologia-da-uepb-promove-a-6a-edicao-da-mostra-memoria-cultural-junina","status":"publish","type":"post","link":"https:\/\/centros.uepb.edu.br\/ccbsa\/curso-de-arquivologia-da-uepb-promove-a-6a-edicao-da-mostra-memoria-cultural-junina\/","title":{"rendered":"Curso de Arquivologia da UEPB promove a 6\u00aa edi\u00e7\u00e3o da Mostra Mem\u00f3ria Cultural Junina"},"content":{"rendered":"<p>Aliar a alegria dos festejos juninos \u00e0 for\u00e7a de mobiliza\u00e7\u00e3o do nordestino, inspirados na luta do sertanejo, esse \u00e9 intuito da 6\u00aa edi\u00e7\u00e3o da Mostra Mem\u00f3ria Cultural Junina, que ser\u00e1 realizada no hall e audit\u00f3rio do Campus V da Universidade Estadual da Para\u00edba, em Jo\u00e3o Pessoa, nesta quinta e sexta-feira, 20 e 21 de junho, nos tr\u00eas hor\u00e1rios.<\/p>\n<p>O evento \u00e9 promovido pelos estudantes do 1\u00ba per\u00edodo do curso de Arquivologia da UEPB, sob a orienta\u00e7\u00e3o do professor Henrique Fran\u00e7a. A iniciativa, que \u00e9 realizada anualmente, \u00e9 uma atividade do componente curricular Informa\u00e7\u00e3o e Sociedade, do curso de Arquivologia, que busca resgatar os verdadeiros valores das festas de S\u00e3o Jo\u00e3o da regi\u00e3o nordestina do nosso pa\u00eds. Este ano, a mostra contar\u00e1 com stands que representam as m\u00fasicas e dan\u00e7as, comidas t\u00edpicas, religiosidade, crendices e mem\u00f3ria visual. A Mostra \u00e9 aberta a toda comunidade.<\/p>\n<p>De acordo com o professor Henrique Fran\u00e7a, este ano o tema do evento ser\u00e1 \u201cProtesto Junino\u201d, como uma forma de aproveitar o espa\u00e7o para discutir as problem\u00e1ticas que t\u00eam marcado a hist\u00f3ria recente do pa\u00eds.<\/p>\n","protected":false},"excerpt":{"rendered":"<p>Aliar a alegria dos festejos juninos \u00e0 for\u00e7a de mobiliza\u00e7\u00e3o do nordestino, inspirados na luta do sertanejo, esse \u00e9 intuito da 6\u00aa edi\u00e7\u00e3o da Mostra Mem\u00f3ria Cultural Junina, que ser\u00e1 realizada no hall e audit\u00f3rio do Campus V da Universidade Estadual da Para\u00edba, em Jo\u00e3o Pessoa, nesta quinta e sexta-feira, 20 e 21 de junho, <a class=\"leiamais\" href=\"https:\/\/centros.uepb.edu.br\/ccbsa\/curso-de-arquivologia-da-uepb-promove-a-6a-edicao-da-mostra-memoria-cultural-junina\/\">Leia Mais&#8230;<\/a><\/p>\n","protected":false},"author":8,"featured_media":271,"comment_status":"open","ping_status":"open","sticky":false,"template":"","format":"standard","meta":{"footnotes":""},"categories":[6],"tags":[],"class_list":["post-269","post","type-post","status-publish","format-standard","has-post-thumbnail","hentry","category-slide"],"jetpack_featured_media_url":"https:\/\/centros.uepb.edu.br\/ccbsa\/files\/2013\/06\/7214_10201377865749436_545330630_n1.jpg","_links":{"self":[{"href":"https:\/\/centros.uepb.edu.br\/ccbsa\/wp-json\/wp\/v2\/posts\/269","targetHints":{"allow":["GET"]}}],"collection":[{"href":"https:\/\/centros.uepb.edu.br\/ccbsa\/wp-json\/wp\/v2\/posts"}],"about":[{"href":"https:\/\/centros.uepb.edu.br\/ccbsa\/wp-json\/wp\/v2\/types\/post"}],"author":[{"embeddable":true,"href":"https:\/\/centros.uepb.edu.br\/ccbsa\/wp-json\/wp\/v2\/users\/8"}],"replies":[{"embeddable":true,"href":"https:\/\/centros.uepb.edu.br\/ccbsa\/wp-json\/wp\/v2\/comments?post=269"}],"version-history":[{"count":0,"href":"https:\/\/centros.uepb.edu.br\/ccbsa\/wp-json\/wp\/v2\/posts\/269\/revisions"}],"wp:featuredmedia":[{"embeddable":true,"href":"https:\/\/centros.uepb.edu.br\/ccbsa\/wp-json\/wp\/v2\/media\/271"}],"wp:attachment":[{"href":"https:\/\/centros.uepb.edu.br\/ccbsa\/wp-json\/wp\/v2\/media?parent=269"}],"wp:term":[{"taxonomy":"category","embeddable":true,"href":"https:\/\/centros.uepb.edu.br\/ccbsa\/wp-json\/wp\/v2\/categories?post=269"},{"taxonomy":"post_tag","embeddable":true,"href":"https:\/\/centros.uepb.edu.br\/ccbsa\/wp-json\/wp\/v2\/tags?post=269"}],"curies":[{"name":"wp","href":"https:\/\/api.w.org\/{rel}","templated":true}]}}