{"id":2688,"date":"2016-03-09T14:36:12","date_gmt":"2016-03-09T14:36:12","guid":{"rendered":"https:\/\/centros.uepb.edu.br\/ccbsa\/?p=2688"},"modified":"2016-03-09T14:36:12","modified_gmt":"2016-03-09T14:36:12","slug":"grupo-de-trabalho-coordenado-por-docente-do-ccbsa-realiza-submissao-de-propostas","status":"publish","type":"post","link":"https:\/\/centros.uepb.edu.br\/ccbsa\/grupo-de-trabalho-coordenado-por-docente-do-ccbsa-realiza-submissao-de-propostas\/","title":{"rendered":"Grupo de Trabalho coordenado por docente do CCBSA realiza submiss\u00e3o de propostas"},"content":{"rendered":"<p>\u201cAntropologia da comunica\u00e7\u00e3o: teorias, metodologias e experi\u00eancias etnogr\u00e1ficas do campo\u201d, esse \u00e9 t\u00edtulo de Grupo de Trabalho coordenado pela professora do Centro de Ci\u00eancias Biol\u00f3gicas e Sociais Aplicadas da Universidade Estadual da Para\u00edba, Silvia Nogueira e pela docente da Universidade Federal do Rio de Janeiro Isabel Travancas, na 30\u00aa Reuni\u00e3o Brasileira de Antropologia, com submiss\u00e3o de propostas at\u00e9 o dia 15 de mar\u00e7o.<\/p>\n<p>Os participantes podem inscrever-se na categoria \u201cApresenta\u00e7\u00f5es orais (artigos)\u201d, submiss\u00e3o reservada aos mestrandos, mestres, doutorandos e doutores, com at\u00e9 dois coautores, t\u00edtulo de at\u00e9 200 caracteres (contando os espa\u00e7os) e resumo at\u00e9 2800 caracteres (contando os espa\u00e7os); e \u201cP\u00f4steres\u201d, voltada a graduandos, graduados, mestrandos, mestres, doutorandos e doutores, com at\u00e9 dois co-autores, t\u00edtulo de at\u00e9 200 caracteres (contando os espa\u00e7os) e resumo at\u00e9 2800 caracteres (contando os espa\u00e7os).<\/p>\n<p>De acordo com as coordenadoras o objetivo deste grupo de trabalho \u00e9 discutir as pesquisas em antropologia da comunica\u00e7\u00e3o que est\u00e3o sendo realizadas por antrop\u00f3logos no Brasil e em outros pa\u00edses, tanto em seu aspecto te\u00f3rico quanto metodol\u00f3gico. \u201cE o ponto de partida para essa discuss\u00e3o se centrar\u00e1 na compara\u00e7\u00e3o entre dois eixos tem\u00e1ticos: de um lado trabalhos etnogr\u00e1ficos sobre os meios \u201ccl\u00e1ssicos\u201d da comunica\u00e7\u00e3o de massa e, de outro, etnografias das novas tecnologias, sejam elas digitais ou virtuais. Ser\u00e1 fundamental analisar o que estas etnografias trazem de novo para o entendimento do campo da Antropologia da comunica\u00e7\u00e3o e quais os desafios e dilemas elas colocam\u201d, avalia a professora Silvia.<\/p>\n<p>Doutora em Antropologia pela Universidade Federal do Rio de Janeiro a professora Silvia Nogueira, que integra o quadro de docentes do curso de Rela\u00e7\u00f5es Internacionais da UEPB, foi escolhida para coordenar esse Grupo de Trabalho devido \u00e0 experi\u00eancia que possui na \u00e1rea de Antropologia da Comunica\u00e7\u00e3o.<\/p>\n<p>A 30\u00aa Reuni\u00e3o Brasileira de Antropologia ocorrer\u00e1 de 3 a 6 de agosto no Campus I da Universidade Federal da Para\u00edba, em Jo\u00e3o Pessoa. O tema dessa edi\u00e7\u00e3o ser\u00e1 \u201cPol\u00edticas da Antropologia: \u00e9tica, diversidade e conflitos\u201d.<\/p>\n","protected":false},"excerpt":{"rendered":"<p>\u201cAntropologia da comunica\u00e7\u00e3o: teorias, metodologias e experi\u00eancias etnogr\u00e1ficas do campo\u201d, esse \u00e9 t\u00edtulo de Grupo de Trabalho coordenado pela professora do Centro de Ci\u00eancias Biol\u00f3gicas e Sociais Aplicadas da Universidade Estadual da Para\u00edba, Silvia Nogueira e pela docente da Universidade Federal do Rio de Janeiro Isabel Travancas, na 30\u00aa Reuni\u00e3o Brasileira de Antropologia, com submiss\u00e3o <a class=\"leiamais\" href=\"https:\/\/centros.uepb.edu.br\/ccbsa\/grupo-de-trabalho-coordenado-por-docente-do-ccbsa-realiza-submissao-de-propostas\/\">Leia Mais&#8230;<\/a><\/p>\n","protected":false},"author":8,"featured_media":0,"comment_status":"closed","ping_status":"closed","sticky":false,"template":"","format":"standard","meta":{"footnotes":""},"categories":[3,5],"tags":[],"class_list":["post-2688","post","type-post","status-publish","format-standard","hentry","category-noticias","category-visiveis"],"jetpack_featured_media_url":"","_links":{"self":[{"href":"https:\/\/centros.uepb.edu.br\/ccbsa\/wp-json\/wp\/v2\/posts\/2688","targetHints":{"allow":["GET"]}}],"collection":[{"href":"https:\/\/centros.uepb.edu.br\/ccbsa\/wp-json\/wp\/v2\/posts"}],"about":[{"href":"https:\/\/centros.uepb.edu.br\/ccbsa\/wp-json\/wp\/v2\/types\/post"}],"author":[{"embeddable":true,"href":"https:\/\/centros.uepb.edu.br\/ccbsa\/wp-json\/wp\/v2\/users\/8"}],"replies":[{"embeddable":true,"href":"https:\/\/centros.uepb.edu.br\/ccbsa\/wp-json\/wp\/v2\/comments?post=2688"}],"version-history":[{"count":0,"href":"https:\/\/centros.uepb.edu.br\/ccbsa\/wp-json\/wp\/v2\/posts\/2688\/revisions"}],"wp:attachment":[{"href":"https:\/\/centros.uepb.edu.br\/ccbsa\/wp-json\/wp\/v2\/media?parent=2688"}],"wp:term":[{"taxonomy":"category","embeddable":true,"href":"https:\/\/centros.uepb.edu.br\/ccbsa\/wp-json\/wp\/v2\/categories?post=2688"},{"taxonomy":"post_tag","embeddable":true,"href":"https:\/\/centros.uepb.edu.br\/ccbsa\/wp-json\/wp\/v2\/tags?post=2688"}],"curies":[{"name":"wp","href":"https:\/\/api.w.org\/{rel}","templated":true}]}}