{"id":2680,"date":"2016-03-09T13:43:25","date_gmt":"2016-03-09T13:43:25","guid":{"rendered":"https:\/\/centros.uepb.edu.br\/ccbsa\/?p=2680"},"modified":"2016-03-09T13:45:34","modified_gmt":"2016-03-09T13:45:34","slug":"campus-v-reune-comunidade-academica-e-escolar-para-discutir-questoes-de-genero-em-primeiro-ciclo-de-debates","status":"publish","type":"post","link":"https:\/\/centros.uepb.edu.br\/ccbsa\/campus-v-reune-comunidade-academica-e-escolar-para-discutir-questoes-de-genero-em-primeiro-ciclo-de-debates\/","title":{"rendered":"CCBSA re\u00fane comunidade acad\u00eamica para discutir quest\u00f5es de g\u00eanero em primeiro ciclo de debates"},"content":{"rendered":"<p><a href=\"https:\/\/centros.uepb.edu.br\/ccbsa\/files\/2016\/03\/DSCF0283edi.jpg\" rel=\"attachment wp-att-2681\"><img loading=\"lazy\" decoding=\"async\" class=\"alignleft size-thumbnail wp-image-2681 img-responsive\" src=\"https:\/\/centros.uepb.edu.br\/ccbsa\/files\/2016\/03\/DSCF0283edi-150x150.jpg\" alt=\"DSCF0283edi\" width=\"150\" height=\"150\" srcset=\"https:\/\/centros.uepb.edu.br\/ccbsa\/files\/2016\/03\/DSCF0283edi-150x150.jpg 150w, https:\/\/centros.uepb.edu.br\/ccbsa\/files\/2016\/03\/DSCF0283edi-50x50.jpg 50w\" sizes=\"auto, (max-width: 150px) 100vw, 150px\" \/><\/a>Com o envolvimento de estudantes, professores e pesquisadores dos cursos de gradua\u00e7\u00e3o da Universidade Estadual da Para\u00edba e Escola Estadual Jos\u00e9 Lins do R\u00eago, al\u00e9m de integrantes do movimento feminista, foi realizado, nos dias 7 e 8 de mar\u00e7o, no Campus V da Universidade Estadual da Para\u00edba (UEPB) o primeiro ciclo de debates voltado \u00e0 tem\u00e1tica feminista e de g\u00eanero.<\/p>\n<p>O evento foi promovido pelos Centros Acad\u00eamicos de Arquivologia e Rela\u00e7\u00f5es Internacionais da UEPB, Coletivo Feminista Briggida Louren\u00e7o, Grupo de Pesquisa Poder, Cultura e Identidade nas Rela\u00e7\u00f5es Internacionais, Laborat\u00f3rio Internacional de Investiga\u00e7\u00e3o em Transjuridicidade, com o objetivo que aproveitar a simbologia em torno do \u201c8 de mar\u00e7o\u201d para discutir o feminismo e quest\u00f5es de g\u00eanero.<\/p>\n<p>A primeira atividade foi uma rodada de di\u00e1logo realizada no dia 7 de mar\u00e7o com o tema \u201cO que voc\u00ea j\u00e1 deixou de fazer por ser mulher?\u201d, uma das primeiras atividades do Coletivo Feminista Briggida Louren\u00e7o, que recebeu esse nome em homenagem \u00e0 docente da UEPB assassinada em 2012 num caso que chocou a comunidade acad\u00eamica. De acordo com a estudante Maria Clara Andrade do CA de Rela\u00e7\u00f5es Internacionais, a atividade foi pensada como uma oportunidade de propiciar uma discuss\u00e3o sobre o feminismo de forma descontra\u00edda, tendo como p\u00fablico alvo jovens e adolescentes da Escola Estadual Jos\u00e9 Lins do R\u00eago.<\/p>\n<p><strong>Mesas de discuss\u00e3o<\/strong><\/p>\n<p>\u201cNingu\u00e9m nasce mulher, torna-se mulher\u201d, com essas palavras de<a href=\"https:\/\/centros.uepb.edu.br\/ccbsa\/files\/2016\/03\/DSCF0271.jpg\" rel=\"attachment wp-att-2682\"><img loading=\"lazy\" decoding=\"async\" class=\"alignright size-thumbnail wp-image-2682 img-responsive\" src=\"https:\/\/centros.uepb.edu.br\/ccbsa\/files\/2016\/03\/DSCF0271-150x150.jpg\" alt=\"DSCF0271\" width=\"150\" height=\"150\" srcset=\"https:\/\/centros.uepb.edu.br\/ccbsa\/files\/2016\/03\/DSCF0271-150x150.jpg 150w, https:\/\/centros.uepb.edu.br\/ccbsa\/files\/2016\/03\/DSCF0271-50x50.jpg 50w\" sizes=\"auto, (max-width: 150px) 100vw, 150px\" \/><\/a> Simone Beauvoir, a professora Giuliana Dias Vieira deu in\u00edcio \u00e0 s\u00e9rie de mesas de discuss\u00e3o realizada na tarde desta ter\u00e7a-feira (8) com uma contextualiza\u00e7\u00e3o de g\u00eanero. Na oportunidade a docente destacou a import\u00e2ncia do dia \u201c8 de mar\u00e7o\u201d como uma data que \u201ccoloca em evid\u00eancia a mulher e todas as lutas que tem levado \u00e0 frente buscando a igualdade e o reconhecimento do seu lugar na sociedade\u201d.<\/p>\n<p>A professora Giuliana destacou a import\u00e2ncia do feminismo como impulsionador dos debates de g\u00eanero, que ganham cada vez mais espa\u00e7o na atualidade. \u201cAtualmente n\u00f3s temos uma discuss\u00e3o que \u00e9 multidisciplinar. N\u00f3s ultrapassamos o debate de mulher e estamos atingindo outras parcelas da popula\u00e7\u00e3o que s\u00e3o menos favorecidas e tamb\u00e9m sofrem problemas de discrimina\u00e7\u00e3o, viol\u00eancia por quest\u00f5es de g\u00eanero, ent\u00e3o, um debate como esse, que traz luz a esses temas \u00e9 enriquecedor e necess\u00e1rio\u201d, avalia a docente.<\/p>\n<p><a href=\"https:\/\/centros.uepb.edu.br\/ccbsa\/files\/2016\/03\/DSCF0279.jpg\" rel=\"attachment wp-att-2683\"><img loading=\"lazy\" decoding=\"async\" class=\"alignleft size-thumbnail wp-image-2683 img-responsive\" src=\"https:\/\/centros.uepb.edu.br\/ccbsa\/files\/2016\/03\/DSCF0279-150x150.jpg\" alt=\"DSCF0279\" width=\"150\" height=\"150\" srcset=\"https:\/\/centros.uepb.edu.br\/ccbsa\/files\/2016\/03\/DSCF0279-150x150.jpg 150w, https:\/\/centros.uepb.edu.br\/ccbsa\/files\/2016\/03\/DSCF0279-50x50.jpg 50w\" sizes=\"auto, (max-width: 150px) 100vw, 150px\" \/><\/a>Segundo a professora Silvia Nogueira que abordou o tema \u201cG\u00eanero e Cultura\u201d e foi uma das respons\u00e1veis pela organiza\u00e7\u00e3o da rodada de debates, essa iniciativa reuniu um grupo de pesquisadoras do Campus V que j\u00e1 realizavam estudos relacionados \u00e0s tem\u00e1ticas feminista e de g\u00eanero e tinham o desejo de promover um evento para discutir a tem\u00e1tica e um grupo de alunas que queriam aprofundar os estudos nesta \u00e1rea e havia fundado um coletivo feminista recentemente.<\/p>\n<p>Diante de interesses semelhantes, os grupos reuniram-se em torno dessa a\u00e7\u00e3o que contemplou as m\u00faltiplas abordagens de g\u00eanero: \u201cG\u00eanero e viol\u00eancia\u201d, \u201cG\u00eanero e religi\u00e3o\u201d, \u201cG\u00eanero e literatura\u201d, \u201cEspa\u00e7o para participa\u00e7\u00e3o feminina\u201d, \u201cG\u00eanero em Timor Leste\u201d, \u201c8 de mar\u00e7o como dia das mulheres trans\u201d, \u201cG\u00eanero nas Rela\u00e7\u00f5es Internacionais\u201d e \u201cMovimentos Sociais Feministas\u201d.<\/p>\n<p>\u201cAp\u00f3s esse primeiro ciclo de debates a ideia \u00e9 que possamos realizar outros eventos com esse mesmo perfil, buscando debater outros temas como as quest\u00f5es de ra\u00e7a e etnia, migra\u00e7\u00f5es, enfim, vamos buscar temas relevantes e atuais e tentar reunir pesquisadores e a sociedade para discutir juntos esses quest\u00f5es\u201d, explicou a professora Silvia Nogueira.<\/p>\n","protected":false},"excerpt":{"rendered":"<p>Com o envolvimento de estudantes, professores e pesquisadores dos cursos de gradua\u00e7\u00e3o da Universidade Estadual da Para\u00edba e Escola Estadual Jos\u00e9 Lins do R\u00eago, al\u00e9m de integrantes do movimento feminista, foi realizado, nos dias 7 e 8 de mar\u00e7o, no Campus V da Universidade Estadual da Para\u00edba (UEPB) o primeiro ciclo de debates voltado \u00e0 <a class=\"leiamais\" href=\"https:\/\/centros.uepb.edu.br\/ccbsa\/campus-v-reune-comunidade-academica-e-escolar-para-discutir-questoes-de-genero-em-primeiro-ciclo-de-debates\/\">Leia Mais&#8230;<\/a><\/p>\n","protected":false},"author":8,"featured_media":2681,"comment_status":"closed","ping_status":"closed","sticky":false,"template":"","format":"standard","meta":{"footnotes":""},"categories":[6],"tags":[],"class_list":["post-2680","post","type-post","status-publish","format-standard","has-post-thumbnail","hentry","category-slide"],"jetpack_featured_media_url":"https:\/\/centros.uepb.edu.br\/ccbsa\/files\/2016\/03\/DSCF0283edi.jpg","_links":{"self":[{"href":"https:\/\/centros.uepb.edu.br\/ccbsa\/wp-json\/wp\/v2\/posts\/2680","targetHints":{"allow":["GET"]}}],"collection":[{"href":"https:\/\/centros.uepb.edu.br\/ccbsa\/wp-json\/wp\/v2\/posts"}],"about":[{"href":"https:\/\/centros.uepb.edu.br\/ccbsa\/wp-json\/wp\/v2\/types\/post"}],"author":[{"embeddable":true,"href":"https:\/\/centros.uepb.edu.br\/ccbsa\/wp-json\/wp\/v2\/users\/8"}],"replies":[{"embeddable":true,"href":"https:\/\/centros.uepb.edu.br\/ccbsa\/wp-json\/wp\/v2\/comments?post=2680"}],"version-history":[{"count":0,"href":"https:\/\/centros.uepb.edu.br\/ccbsa\/wp-json\/wp\/v2\/posts\/2680\/revisions"}],"wp:featuredmedia":[{"embeddable":true,"href":"https:\/\/centros.uepb.edu.br\/ccbsa\/wp-json\/wp\/v2\/media\/2681"}],"wp:attachment":[{"href":"https:\/\/centros.uepb.edu.br\/ccbsa\/wp-json\/wp\/v2\/media?parent=2680"}],"wp:term":[{"taxonomy":"category","embeddable":true,"href":"https:\/\/centros.uepb.edu.br\/ccbsa\/wp-json\/wp\/v2\/categories?post=2680"},{"taxonomy":"post_tag","embeddable":true,"href":"https:\/\/centros.uepb.edu.br\/ccbsa\/wp-json\/wp\/v2\/tags?post=2680"}],"curies":[{"name":"wp","href":"https:\/\/api.w.org\/{rel}","templated":true}]}}