{"id":2656,"date":"2016-03-04T15:43:44","date_gmt":"2016-03-04T15:43:44","guid":{"rendered":"https:\/\/centros.uepb.edu.br\/ccbsa\/?p=2656"},"modified":"2016-03-04T15:57:58","modified_gmt":"2016-03-04T15:57:58","slug":"uepb-e-parceira-da-4a-conferencia-estadual-dos-direitos-da-pessoa-idosa-realizada-nos-dias-2-e-3-de-marco","status":"publish","type":"post","link":"https:\/\/centros.uepb.edu.br\/ccbsa\/uepb-e-parceira-da-4a-conferencia-estadual-dos-direitos-da-pessoa-idosa-realizada-nos-dias-2-e-3-de-marco\/","title":{"rendered":"UEPB \u00e9 parceira da 4\u00aa Confer\u00eancia Estadual dos Direitos da Pessoa Idosa"},"content":{"rendered":"<p>Com uma pol\u00edtica consolidada de inclus\u00e3o social e melhoria de vida da pessoa idosa, a Universidade Estadual da Para\u00edba (UEPB) conta atualmente com diversos projetos, programas e eventos que a tornam refer\u00eancia estadual e nacional na garantia de direitos desse p\u00fablico, por meio de experi\u00eancias como a Universidade Aberta \u00e0 Maturidade (UAMA), uma iniciativa pioneira em todo o pa\u00eds.<\/p>\n<p><a href=\"https:\/\/centros.uepb.edu.br\/ccbsa\/files\/2016\/03\/CONFERENCIA-PESSOA-IDOSA-1EDIT.jpg\" rel=\"attachment wp-att-2657\"><img loading=\"lazy\" decoding=\"async\" class=\"alignleft size-thumbnail wp-image-2657 img-responsive\" src=\"https:\/\/centros.uepb.edu.br\/ccbsa\/files\/2016\/03\/CONFERENCIA-PESSOA-IDOSA-1EDIT-150x150.jpg\" alt=\"CONFERENCIA PESSOA IDOSA 1EDIT\" width=\"150\" height=\"150\" srcset=\"https:\/\/centros.uepb.edu.br\/ccbsa\/files\/2016\/03\/CONFERENCIA-PESSOA-IDOSA-1EDIT-150x150.jpg 150w, https:\/\/centros.uepb.edu.br\/ccbsa\/files\/2016\/03\/CONFERENCIA-PESSOA-IDOSA-1EDIT-50x50.jpg 50w\" sizes=\"auto, (max-width: 150px) 100vw, 150px\" \/><\/a>Diante desse cen\u00e1rio, a UEPB foi uma das institui\u00e7\u00f5es apoiadoras para a realiza\u00e7\u00e3o da 4\u00aa Confer\u00eancia Estadual dos Direitos da Pessoa Idosa promovida pelo Conselho Estadual de Defesa dos Direitos da Pessoa Idosa e Governo do Estado, por meio das secretarias de Estado do Desenvolvimento Humano, Educa\u00e7\u00e3o e Sa\u00fade, nos dias 2 e 3 de mar\u00e7o, no Teatro Paulo Pontes do Espa\u00e7o Cultural, em Jo\u00e3o Pessoa.<\/p>\n<p>Com o tema \u201cProtagonismo e empoderamento da pessoa idosa por<a href=\"https:\/\/centros.uepb.edu.br\/ccbsa\/files\/2016\/03\/IDOSOS2EDI.jpg\" rel=\"attachment wp-att-2658\"><img loading=\"lazy\" decoding=\"async\" class=\"alignright size-thumbnail wp-image-2658 img-responsive\" src=\"https:\/\/centros.uepb.edu.br\/ccbsa\/files\/2016\/03\/IDOSOS2EDI-150x150.jpg\" alt=\"IDOSOS2EDI\" width=\"150\" height=\"150\" srcset=\"https:\/\/centros.uepb.edu.br\/ccbsa\/files\/2016\/03\/IDOSOS2EDI-150x150.jpg 150w, https:\/\/centros.uepb.edu.br\/ccbsa\/files\/2016\/03\/IDOSOS2EDI-50x50.jpg 50w\" sizes=\"auto, (max-width: 150px) 100vw, 150px\" \/><\/a> um Brasil de todas as idades\u201d, o evento contou com discuss\u00f5es reunidas em quatro eixos tem\u00e1ticos: Gest\u00e3o (Programas, Projetos e A\u00e7\u00f5es), Financiamento, Participa\u00e7\u00e3o e Sistema de Garantia de Direitos.<\/p>\n<p>A UEPB conta atualmente com dois representantes no Conselho Estadual de Defesa dos Direitos da Pessoa Idosa \u2013 PB (CEDDPI-PB), a professora do curso de Arquivologia do Centro de Ci\u00eancias Biol\u00f3gicas e Sociais Aplicadas Suerde Brito, que desenvolve projetos com idosos da Vila Vicentina J\u00falia Freire, em Jo\u00e3o Pessoa, e o professor Manoel Freire de Oliveira Neto, professor do Departamento de Educa\u00e7\u00e3o F\u00edsica (Campus I) e coordenador da UAMA.<\/p>\n<p>A designa\u00e7\u00e3o dos Conselheiros, representantes da Sociedade Civil,<br \/>\nrecai sobre pessoas com comprovada atua\u00e7\u00e3o na \u00e1rea da defesa dos direitos humanos e de atendimento \u00e0 pessoa idosa, sendo cada membro nomeado pelo Governador do Estado.<\/p>\n<p>A professora Suerde Brito destaca que, diante de um relevante aumento da popula\u00e7\u00e3o idosa no pa\u00eds, a promo\u00e7\u00e3o de eventos e iniciativas voltadas ao empoderamento desse p\u00fablico possibilitando a discuss\u00e3o das pol\u00edticas municipais, estaduais e nacionais com a participa\u00e7\u00e3o efetiva da UEPB e de outras institui\u00e7\u00f5es de ensino demonstra um compromisso da educa\u00e7\u00e3o com a sociedade.<\/p>\n","protected":false},"excerpt":{"rendered":"<p>Com uma pol\u00edtica consolidada de inclus\u00e3o social e melhoria de vida da pessoa idosa, a Universidade Estadual da Para\u00edba (UEPB) conta atualmente com diversos projetos, programas e eventos que a tornam refer\u00eancia estadual e nacional na garantia de direitos desse p\u00fablico, por meio de experi\u00eancias como a Universidade Aberta \u00e0 Maturidade (UAMA), uma iniciativa pioneira <a class=\"leiamais\" href=\"https:\/\/centros.uepb.edu.br\/ccbsa\/uepb-e-parceira-da-4a-conferencia-estadual-dos-direitos-da-pessoa-idosa-realizada-nos-dias-2-e-3-de-marco\/\">Leia Mais&#8230;<\/a><\/p>\n","protected":false},"author":8,"featured_media":2657,"comment_status":"closed","ping_status":"closed","sticky":false,"template":"","format":"standard","meta":{"footnotes":""},"categories":[6],"tags":[],"class_list":["post-2656","post","type-post","status-publish","format-standard","has-post-thumbnail","hentry","category-slide"],"jetpack_featured_media_url":"https:\/\/centros.uepb.edu.br\/ccbsa\/files\/2016\/03\/CONFERENCIA-PESSOA-IDOSA-1EDIT.jpg","_links":{"self":[{"href":"https:\/\/centros.uepb.edu.br\/ccbsa\/wp-json\/wp\/v2\/posts\/2656","targetHints":{"allow":["GET"]}}],"collection":[{"href":"https:\/\/centros.uepb.edu.br\/ccbsa\/wp-json\/wp\/v2\/posts"}],"about":[{"href":"https:\/\/centros.uepb.edu.br\/ccbsa\/wp-json\/wp\/v2\/types\/post"}],"author":[{"embeddable":true,"href":"https:\/\/centros.uepb.edu.br\/ccbsa\/wp-json\/wp\/v2\/users\/8"}],"replies":[{"embeddable":true,"href":"https:\/\/centros.uepb.edu.br\/ccbsa\/wp-json\/wp\/v2\/comments?post=2656"}],"version-history":[{"count":0,"href":"https:\/\/centros.uepb.edu.br\/ccbsa\/wp-json\/wp\/v2\/posts\/2656\/revisions"}],"wp:featuredmedia":[{"embeddable":true,"href":"https:\/\/centros.uepb.edu.br\/ccbsa\/wp-json\/wp\/v2\/media\/2657"}],"wp:attachment":[{"href":"https:\/\/centros.uepb.edu.br\/ccbsa\/wp-json\/wp\/v2\/media?parent=2656"}],"wp:term":[{"taxonomy":"category","embeddable":true,"href":"https:\/\/centros.uepb.edu.br\/ccbsa\/wp-json\/wp\/v2\/categories?post=2656"},{"taxonomy":"post_tag","embeddable":true,"href":"https:\/\/centros.uepb.edu.br\/ccbsa\/wp-json\/wp\/v2\/tags?post=2656"}],"curies":[{"name":"wp","href":"https:\/\/api.w.org\/{rel}","templated":true}]}}