{"id":2642,"date":"2016-03-04T14:48:17","date_gmt":"2016-03-04T14:48:17","guid":{"rendered":"https:\/\/centros.uepb.edu.br\/ccbsa\/?p=2642"},"modified":"2016-03-04T14:52:42","modified_gmt":"2016-03-04T14:52:42","slug":"campus-v-sedia-ciclo-de-debates-com-a-tematica-de-genero-em-homenagem-ao-dia-internacional-da-mulher","status":"publish","type":"post","link":"https:\/\/centros.uepb.edu.br\/ccbsa\/campus-v-sedia-ciclo-de-debates-com-a-tematica-de-genero-em-homenagem-ao-dia-internacional-da-mulher\/","title":{"rendered":"CCBSA sedia debates com a tem\u00e1tica de g\u00eanero em homenagem ao Dia Internacional da Mulher"},"content":{"rendered":"<p><a href=\"https:\/\/centros.uepb.edu.br\/ccbsa\/files\/2016\/03\/12804885_1145326622178343_7333813141709639774_n.jpg\" rel=\"attachment wp-att-2644\"><img loading=\"lazy\" decoding=\"async\" class=\"alignleft size-thumbnail wp-image-2644 img-responsive\" src=\"https:\/\/centros.uepb.edu.br\/ccbsa\/files\/2016\/03\/12804885_1145326622178343_7333813141709639774_n-150x150.jpg\" alt=\"12804885_1145326622178343_7333813141709639774_n\" width=\"150\" height=\"150\" srcset=\"https:\/\/centros.uepb.edu.br\/ccbsa\/files\/2016\/03\/12804885_1145326622178343_7333813141709639774_n-150x150.jpg 150w, https:\/\/centros.uepb.edu.br\/ccbsa\/files\/2016\/03\/12804885_1145326622178343_7333813141709639774_n-50x50.jpg 50w\" sizes=\"auto, (max-width: 150px) 100vw, 150px\" \/><\/a>\u201cO que voc\u00ea j\u00e1 deixou de fazer por ser mulher?\u201d, esse \u00e9 o tema do primeiro ciclo de debates de g\u00eanero que ser\u00e1 realizado no Campus V da Universidade Estadual da Para\u00edba (UEPB), nos dias 7 de mar\u00e7o, das 11 \u00e0s 16h30, e 8 de mar\u00e7o das 13 \u00e0s 18h, com o objetivo discutir com pesquisadores, docentes e discentes interessados na tem\u00e1tica o movimento Feminista e de G\u00eanero.<\/p>\n<p>O evento, apoiado pelos Centros Acad\u00eamicos de Arquivologia e Rela\u00e7\u00f5es Internacionais, Grupo de Pesquisa Poder, Cultura e Identidade nas Rela\u00e7\u00f5es Internacionais e Laborat\u00f3rio Internacional de Investiga\u00e7\u00e3o em Transjuridicidade, ocorre em alus\u00e3o ao Dia Internacional da Mulher, comemorado em 8 de mar\u00e7o.<\/p>\n<p>A programa\u00e7\u00e3o re\u00fane discuss\u00f5es sobre o g\u00eanero nas rela\u00e7\u00f5es internacionais, movimentos sociais feministas, g\u00eanero e viol\u00eancia, 8 de mar\u00e7o como o dia das mulheres trans, entre outras mesas que contar\u00e3o com a participa\u00e7\u00e3o de pesquisadoras da UEPB, Universidade Federal da Para\u00edba e Universidade Federal de Santa Catarina.<\/p>\n<p>Acesse a programa\u00e7\u00e3o completa <a href=\"https:\/\/goo.gl\/gjYQQQ\">aqui<\/a>.<\/p>\n","protected":false},"excerpt":{"rendered":"<p>\u201cO que voc\u00ea j\u00e1 deixou de fazer por ser mulher?\u201d, esse \u00e9 o tema do primeiro ciclo de debates de g\u00eanero que ser\u00e1 realizado no Campus V da Universidade Estadual da Para\u00edba (UEPB), nos dias 7 de mar\u00e7o, das 11 \u00e0s 16h30, e 8 de mar\u00e7o das 13 \u00e0s 18h, com o objetivo discutir com <a class=\"leiamais\" href=\"https:\/\/centros.uepb.edu.br\/ccbsa\/campus-v-sedia-ciclo-de-debates-com-a-tematica-de-genero-em-homenagem-ao-dia-internacional-da-mulher\/\">Leia Mais&#8230;<\/a><\/p>\n","protected":false},"author":8,"featured_media":2643,"comment_status":"closed","ping_status":"closed","sticky":false,"template":"","format":"standard","meta":{"footnotes":""},"categories":[6],"tags":[],"class_list":["post-2642","post","type-post","status-publish","format-standard","has-post-thumbnail","hentry","category-slide"],"jetpack_featured_media_url":"https:\/\/centros.uepb.edu.br\/ccbsa\/files\/2016\/03\/12814267_1185304374820851_1525111940239856094_nEDI.jpg","_links":{"self":[{"href":"https:\/\/centros.uepb.edu.br\/ccbsa\/wp-json\/wp\/v2\/posts\/2642","targetHints":{"allow":["GET"]}}],"collection":[{"href":"https:\/\/centros.uepb.edu.br\/ccbsa\/wp-json\/wp\/v2\/posts"}],"about":[{"href":"https:\/\/centros.uepb.edu.br\/ccbsa\/wp-json\/wp\/v2\/types\/post"}],"author":[{"embeddable":true,"href":"https:\/\/centros.uepb.edu.br\/ccbsa\/wp-json\/wp\/v2\/users\/8"}],"replies":[{"embeddable":true,"href":"https:\/\/centros.uepb.edu.br\/ccbsa\/wp-json\/wp\/v2\/comments?post=2642"}],"version-history":[{"count":0,"href":"https:\/\/centros.uepb.edu.br\/ccbsa\/wp-json\/wp\/v2\/posts\/2642\/revisions"}],"wp:featuredmedia":[{"embeddable":true,"href":"https:\/\/centros.uepb.edu.br\/ccbsa\/wp-json\/wp\/v2\/media\/2643"}],"wp:attachment":[{"href":"https:\/\/centros.uepb.edu.br\/ccbsa\/wp-json\/wp\/v2\/media?parent=2642"}],"wp:term":[{"taxonomy":"category","embeddable":true,"href":"https:\/\/centros.uepb.edu.br\/ccbsa\/wp-json\/wp\/v2\/categories?post=2642"},{"taxonomy":"post_tag","embeddable":true,"href":"https:\/\/centros.uepb.edu.br\/ccbsa\/wp-json\/wp\/v2\/tags?post=2642"}],"curies":[{"name":"wp","href":"https:\/\/api.w.org\/{rel}","templated":true}]}}