{"id":2631,"date":"2016-03-02T14:01:01","date_gmt":"2016-03-02T14:01:01","guid":{"rendered":"https:\/\/centros.uepb.edu.br\/ccbsa\/?p=2631"},"modified":"2016-03-02T14:12:09","modified_gmt":"2016-03-02T14:12:09","slug":"prograd-realiza-reuniao-com-coordenadores-e-membros-dos-nucleo-docentes-estruturantes-dos-cursos-do-ccbsa","status":"publish","type":"post","link":"https:\/\/centros.uepb.edu.br\/ccbsa\/prograd-realiza-reuniao-com-coordenadores-e-membros-dos-nucleo-docentes-estruturantes-dos-cursos-do-ccbsa\/","title":{"rendered":"PROGRAD realiza reuni\u00e3o com coordenadores e docentes dos cursos do CCBSA"},"content":{"rendered":"<p><a href=\"https:\/\/centros.uepb.edu.br\/ccbsa\/files\/2016\/03\/DSCF0248.jpg\" rel=\"attachment wp-att-2635\"><img loading=\"lazy\" decoding=\"async\" class=\"alignleft size-thumbnail wp-image-2635 img-responsive\" src=\"https:\/\/centros.uepb.edu.br\/ccbsa\/files\/2016\/03\/DSCF0248-150x150.jpg\" alt=\"DSCF0248\" width=\"150\" height=\"150\" srcset=\"https:\/\/centros.uepb.edu.br\/ccbsa\/files\/2016\/03\/DSCF0248-150x150.jpg 150w, https:\/\/centros.uepb.edu.br\/ccbsa\/files\/2016\/03\/DSCF0248-50x50.jpg 50w\" sizes=\"auto, (max-width: 150px) 100vw, 150px\" \/><\/a>A Pr\u00f3-Reitoria de Gradua\u00e7\u00e3o (PROGRAD) da Universidade Estadual da Para\u00edba (UEPB) reuniu na manh\u00e3 desta quarta-feira (4) os coordenadores e docentes membros dos N\u00facleos Docentes Estruturantes (NDEs) dos bacharelados do Centro de Ci\u00eancias Biol\u00f3gicas e Sociais Aplicadas com vistas \u00e0 atualiza\u00e7\u00e3o dos Projetos Pedag\u00f3gicos dos Cursos (PPCs), em conformidade com as pol\u00edticas p\u00fablicas relacionadas ao Ensino Superior e o novo Regimento dos cursos de gradua\u00e7\u00e3o da UEPB, aprovado pelo Conselho Superior de Ensino, Pesquisa e Extens\u00e3o (Consepe).<\/p>\n<p>Todos os coordenadores dos cursos de gradua\u00e7\u00e3o e pelo menos um representante dos NDEs estiveram presentes na reuni\u00e3o considerando que o processo de elabora\u00e7\u00e3o de um PPC necessariamente envolve o di\u00e1logo, o debate e o embate de ideias e concep\u00e7\u00f5es para melhor atender \u00e0s demandas do cotidiano acad\u00eamico.<\/p>\n<p>Considerado um instrumento de gest\u00e3o no que diz respeito \u00e0 organiza\u00e7\u00e3o do conjunto de a\u00e7\u00f5es de um curso o PPC define n\u00famero de vagas, carga hor\u00e1ria, componentes e atividades acad\u00eamicas como tamb\u00e9m estabelece a capacidade docente e a infraestrutura m\u00ednima para concretiza\u00e7\u00e3o das atividades do curso. O documento tem um car\u00e1ter de incompletude, sendo necess\u00e1rio o constante (re)olhar coletivo do PPC, a fim de revis\u00e1-lo, problematiz\u00e1-lo e reorganiz\u00e1-lo a partir das novas demandas que surgem a cada dia.<\/p>\n","protected":false},"excerpt":{"rendered":"<p>A Pr\u00f3-Reitoria de Gradua\u00e7\u00e3o (PROGRAD) da Universidade Estadual da Para\u00edba (UEPB) reuniu na manh\u00e3 desta quarta-feira (4) os coordenadores e docentes membros dos N\u00facleos Docentes Estruturantes (NDEs) dos bacharelados do Centro de Ci\u00eancias Biol\u00f3gicas e Sociais Aplicadas com vistas \u00e0 atualiza\u00e7\u00e3o dos Projetos Pedag\u00f3gicos dos Cursos (PPCs), em conformidade com as pol\u00edticas p\u00fablicas relacionadas ao <a class=\"leiamais\" href=\"https:\/\/centros.uepb.edu.br\/ccbsa\/prograd-realiza-reuniao-com-coordenadores-e-membros-dos-nucleo-docentes-estruturantes-dos-cursos-do-ccbsa\/\">Leia Mais&#8230;<\/a><\/p>\n","protected":false},"author":8,"featured_media":2637,"comment_status":"closed","ping_status":"closed","sticky":false,"template":"","format":"standard","meta":{"footnotes":""},"categories":[6],"tags":[],"class_list":["post-2631","post","type-post","status-publish","format-standard","has-post-thumbnail","hentry","category-slide"],"jetpack_featured_media_url":"https:\/\/centros.uepb.edu.br\/ccbsa\/files\/2016\/03\/DSCF0248ed.jpg","_links":{"self":[{"href":"https:\/\/centros.uepb.edu.br\/ccbsa\/wp-json\/wp\/v2\/posts\/2631","targetHints":{"allow":["GET"]}}],"collection":[{"href":"https:\/\/centros.uepb.edu.br\/ccbsa\/wp-json\/wp\/v2\/posts"}],"about":[{"href":"https:\/\/centros.uepb.edu.br\/ccbsa\/wp-json\/wp\/v2\/types\/post"}],"author":[{"embeddable":true,"href":"https:\/\/centros.uepb.edu.br\/ccbsa\/wp-json\/wp\/v2\/users\/8"}],"replies":[{"embeddable":true,"href":"https:\/\/centros.uepb.edu.br\/ccbsa\/wp-json\/wp\/v2\/comments?post=2631"}],"version-history":[{"count":0,"href":"https:\/\/centros.uepb.edu.br\/ccbsa\/wp-json\/wp\/v2\/posts\/2631\/revisions"}],"wp:featuredmedia":[{"embeddable":true,"href":"https:\/\/centros.uepb.edu.br\/ccbsa\/wp-json\/wp\/v2\/media\/2637"}],"wp:attachment":[{"href":"https:\/\/centros.uepb.edu.br\/ccbsa\/wp-json\/wp\/v2\/media?parent=2631"}],"wp:term":[{"taxonomy":"category","embeddable":true,"href":"https:\/\/centros.uepb.edu.br\/ccbsa\/wp-json\/wp\/v2\/categories?post=2631"},{"taxonomy":"post_tag","embeddable":true,"href":"https:\/\/centros.uepb.edu.br\/ccbsa\/wp-json\/wp\/v2\/tags?post=2631"}],"curies":[{"name":"wp","href":"https:\/\/api.w.org\/{rel}","templated":true}]}}