{"id":2618,"date":"2016-03-01T15:14:50","date_gmt":"2016-03-01T15:14:50","guid":{"rendered":"https:\/\/centros.uepb.edu.br\/ccbsa\/?p=2618"},"modified":"2016-03-01T15:14:50","modified_gmt":"2016-03-01T15:14:50","slug":"professoras-do-campus-v-sao-premiadas-em-etapa-estadual-do-desafio-universitario-empreendedor","status":"publish","type":"post","link":"https:\/\/centros.uepb.edu.br\/ccbsa\/professoras-do-campus-v-sao-premiadas-em-etapa-estadual-do-desafio-universitario-empreendedor\/","title":{"rendered":"Professoras do Campus V s\u00e3o premiadas em etapa estadual do desafio Universit\u00e1rio Empreendedor"},"content":{"rendered":"<p><a href=\"https:\/\/centros.uepb.edu.br\/ccbsa\/files\/2016\/03\/FOTO1.jpg\" rel=\"attachment wp-att-2620\"><img loading=\"lazy\" decoding=\"async\" class=\"alignleft size-thumbnail wp-image-2620 img-responsive\" src=\"https:\/\/centros.uepb.edu.br\/ccbsa\/files\/2016\/03\/FOTO1-150x150.jpg\" alt=\"FOTO1\" width=\"150\" height=\"150\" srcset=\"https:\/\/centros.uepb.edu.br\/ccbsa\/files\/2016\/03\/FOTO1-150x150.jpg 150w, https:\/\/centros.uepb.edu.br\/ccbsa\/files\/2016\/03\/FOTO1-50x50.jpg 50w\" sizes=\"auto, (max-width: 150px) 100vw, 150px\" \/><\/a>Buscando despertar nos estudantes o olhar empreendedor e praticar, por interm\u00e9dio de uma competi\u00e7\u00e3o, os conte\u00fados de gest\u00e3o e inova\u00e7\u00e3o, as docentes do Campus V da Universidade Estadual da Para\u00edba (UEPB) Ana L\u00facia Carvalho de Souza e Jacqueline Echeverr\u00eda Barrancos conseguiram envolver um expressivo n\u00famero de graduandos do bacharelado em Arquivologia no Desafio Universit\u00e1rio Empreendedor 2015, promovido pelo Sebrae-PB, o que lhes rendeu o certificado \u201cProfessor Amigo do Desafio\u201d e o trof\u00e9u de segundo lugar, para a professora Ana L\u00facia, como a docente mais indicada pelos estudantes.<\/p>\n<p><a href=\"https:\/\/centros.uepb.edu.br\/ccbsa\/files\/2016\/03\/DSCF0201.jpg\" rel=\"attachment wp-att-2622\"><img loading=\"lazy\" decoding=\"async\" class=\"alignright size-thumbnail wp-image-2622 img-responsive\" src=\"https:\/\/centros.uepb.edu.br\/ccbsa\/files\/2016\/03\/DSCF0201-150x150.jpg\" alt=\"DSCF0201\" width=\"150\" height=\"150\" srcset=\"https:\/\/centros.uepb.edu.br\/ccbsa\/files\/2016\/03\/DSCF0201-150x150.jpg 150w, https:\/\/centros.uepb.edu.br\/ccbsa\/files\/2016\/03\/DSCF0201-50x50.jpg 50w\" sizes=\"auto, (max-width: 150px) 100vw, 150px\" \/><\/a>A competi\u00e7\u00e3o, com car\u00e1ter educacional, que re\u00fane, em torno de rankings, diversas atividades e jogos com o prop\u00f3sito de disseminar conte\u00fados de gest\u00e3o, inova\u00e7\u00e3o e empreendedorismo entre os jovens universit\u00e1rios tem o objetivo de preparar os participantes para os desafios do mercado de trabalho, estimulando, desenvolvendo e aprimorando suas habilidades corporativas, promovendo a aprendizagem desses conceitos com base na experi\u00eancia vivida por eles durante o processo decis\u00f3rio.<\/p>\n<p>Participaram da competi\u00e7\u00e3o estudantes do 1\u00ba e 2\u00ba per\u00edodos do curso de Arquivologia vinculados aos componentes curriculares de \u201cIntrodu\u00e7\u00e3o \u00e0 Administra\u00e7\u00e3o\u201d e \u201cTeoria das organiza\u00e7\u00f5es\u201d, que obtiveram destaque na etapa online da competi\u00e7\u00e3o. Na oportunidade, o estudante Jos\u00e9 Cl\u00e1udio Alves de Jesus obteve o 2\u00ba lugar geral do estado, no entanto, por quest\u00f5es pessoais o participante n\u00e3o p\u00f4de dar prosseguimento \u00e0s atividades presenciais do desafio.<\/p>\n<p>A UEPB j\u00e1 havia sido premiada como a institui\u00e7\u00e3o com maior participa\u00e7\u00e3o de alunos na competi\u00e7\u00e3o que reuniu alunos da Universidade Federal de Campina Grande (UFCG), Universidade Federal da Para\u00edba (UFPB) e Faculdades Integradas de Patos (FIP).<br \/>\n<a href=\"https:\/\/centros.uepb.edu.br\/ccbsa\/files\/2016\/03\/DSCF0220-1.jpg\" rel=\"attachment wp-att-2623\"><img loading=\"lazy\" decoding=\"async\" class=\"alignleft wp-image-2623 size-thumbnail img-responsive\" src=\"https:\/\/centros.uepb.edu.br\/ccbsa\/files\/2016\/03\/DSCF0220-1-150x150.jpg\" alt=\"DSCF0220\" width=\"150\" height=\"150\" srcset=\"https:\/\/centros.uepb.edu.br\/ccbsa\/files\/2016\/03\/DSCF0220-1-150x150.jpg 150w, https:\/\/centros.uepb.edu.br\/ccbsa\/files\/2016\/03\/DSCF0220-1-50x50.jpg 50w\" sizes=\"auto, (max-width: 150px) 100vw, 150px\" \/><\/a>De acordo com a professora Ana L\u00facia, esse \u00e9 resultado de um esfor\u00e7o coletivo de conscientiza\u00e7\u00e3o realizado como atividade dos componentes curriculares relacionados \u00e0 gest\u00e3o e inova\u00e7\u00e3o buscando abordar a import\u00e2ncia do desenvolvimento do empreendedorismo como uma compet\u00eancia do arquivista. A docente destaca que j\u00e1 iniciaram as atividades de prepara\u00e7\u00e3o para a etapa de 2016, que contar\u00e1 com a participa\u00e7\u00e3o de estudantes dos componentes curriculares j\u00e1 envolvidos nas edi\u00e7\u00f5es anteriores, acrescidos aos alunos de \u201cRecursos humanos\u201d e \u201cOrganiza\u00e7\u00e3o, m\u00e9todos e sistemas de informa\u00e7\u00e3o\u201d.<\/p>\n<p>\u201cNosso objetivo \u00e9 n\u00e3o s\u00f3 obter um bom n\u00famero de inscritos do curso de Arquivologia, mas, que eles participem ativamente e possam exercitar as li\u00e7\u00f5es de sala de aula representando com \u00eaxito o nosso curso\u201d, resume a docente.<\/p>\n","protected":false},"excerpt":{"rendered":"<p>Buscando despertar nos estudantes o olhar empreendedor e praticar, por interm\u00e9dio de uma competi\u00e7\u00e3o, os conte\u00fados de gest\u00e3o e inova\u00e7\u00e3o, as docentes do Campus V da Universidade Estadual da Para\u00edba (UEPB) Ana L\u00facia Carvalho de Souza e Jacqueline Echeverr\u00eda Barrancos conseguiram envolver um expressivo n\u00famero de graduandos do bacharelado em Arquivologia no Desafio Universit\u00e1rio Empreendedor <a class=\"leiamais\" href=\"https:\/\/centros.uepb.edu.br\/ccbsa\/professoras-do-campus-v-sao-premiadas-em-etapa-estadual-do-desafio-universitario-empreendedor\/\">Leia Mais&#8230;<\/a><\/p>\n","protected":false},"author":8,"featured_media":2619,"comment_status":"closed","ping_status":"closed","sticky":false,"template":"","format":"standard","meta":{"footnotes":""},"categories":[6],"tags":[],"class_list":["post-2618","post","type-post","status-publish","format-standard","has-post-thumbnail","hentry","category-slide"],"jetpack_featured_media_url":"https:\/\/centros.uepb.edu.br\/ccbsa\/files\/2016\/03\/EDIT.jpg","_links":{"self":[{"href":"https:\/\/centros.uepb.edu.br\/ccbsa\/wp-json\/wp\/v2\/posts\/2618","targetHints":{"allow":["GET"]}}],"collection":[{"href":"https:\/\/centros.uepb.edu.br\/ccbsa\/wp-json\/wp\/v2\/posts"}],"about":[{"href":"https:\/\/centros.uepb.edu.br\/ccbsa\/wp-json\/wp\/v2\/types\/post"}],"author":[{"embeddable":true,"href":"https:\/\/centros.uepb.edu.br\/ccbsa\/wp-json\/wp\/v2\/users\/8"}],"replies":[{"embeddable":true,"href":"https:\/\/centros.uepb.edu.br\/ccbsa\/wp-json\/wp\/v2\/comments?post=2618"}],"version-history":[{"count":0,"href":"https:\/\/centros.uepb.edu.br\/ccbsa\/wp-json\/wp\/v2\/posts\/2618\/revisions"}],"wp:featuredmedia":[{"embeddable":true,"href":"https:\/\/centros.uepb.edu.br\/ccbsa\/wp-json\/wp\/v2\/media\/2619"}],"wp:attachment":[{"href":"https:\/\/centros.uepb.edu.br\/ccbsa\/wp-json\/wp\/v2\/media?parent=2618"}],"wp:term":[{"taxonomy":"category","embeddable":true,"href":"https:\/\/centros.uepb.edu.br\/ccbsa\/wp-json\/wp\/v2\/categories?post=2618"},{"taxonomy":"post_tag","embeddable":true,"href":"https:\/\/centros.uepb.edu.br\/ccbsa\/wp-json\/wp\/v2\/tags?post=2618"}],"curies":[{"name":"wp","href":"https:\/\/api.w.org\/{rel}","templated":true}]}}