{"id":2575,"date":"2016-02-23T14:29:24","date_gmt":"2016-02-23T14:29:24","guid":{"rendered":"https:\/\/centros.uepb.edu.br\/ccbsa\/?p=2575"},"modified":"2016-02-23T14:31:36","modified_gmt":"2016-02-23T14:31:36","slug":"estudantes-do-curso-de-arquivologia-participam-de-palestra-sobre-os-instrumentos-de-gestao-documental","status":"publish","type":"post","link":"https:\/\/centros.uepb.edu.br\/ccbsa\/estudantes-do-curso-de-arquivologia-participam-de-palestra-sobre-os-instrumentos-de-gestao-documental\/","title":{"rendered":"Estudantes de Arquivologia participam de palestra sobre os instrumentos de gest\u00e3o documental"},"content":{"rendered":"<p><a href=\"https:\/\/centros.uepb.edu.br\/ccbsa\/files\/2016\/02\/DSCF0191EDT.jpg\" rel=\"attachment wp-att-2576\"><img loading=\"lazy\" decoding=\"async\" class=\"alignleft size-thumbnail wp-image-2576 img-responsive\" src=\"https:\/\/centros.uepb.edu.br\/ccbsa\/files\/2016\/02\/DSCF0191EDT-150x150.jpg\" alt=\"DSCF0191EDT\" width=\"150\" height=\"150\" srcset=\"https:\/\/centros.uepb.edu.br\/ccbsa\/files\/2016\/02\/DSCF0191EDT-150x150.jpg 150w, https:\/\/centros.uepb.edu.br\/ccbsa\/files\/2016\/02\/DSCF0191EDT-50x50.jpg 50w\" sizes=\"auto, (max-width: 150px) 100vw, 150px\" \/><\/a>Uma das principais estrat\u00e9gias utilizada pelas organiza\u00e7\u00f5es na sociedade do conhecimento, a gest\u00e3o documental \u00e9 um tema crucial abordado ao longo da forma\u00e7\u00e3o dos arquivistas que devem atuar como gestores da informa\u00e7\u00e3o. Nesse sentido, o curso de Arquivologia da Universidade Estadual da Para\u00edba promove, a cada semestre, por iniciativa da professora Maria Jos\u00e9 Cordeiro, a palestra \u201cInstrumentos de gest\u00e3o documental\u201d, voltada aos estudantes da referida gradua\u00e7\u00e3o.<\/p>\n<p>Neste semestre os estudantes do 3\u00ba e 4\u00ba per\u00edodos, vinculados aos componentes curriculares \u201cAvalia\u00e7\u00e3o e sele\u00e7\u00e3o de documentos\u201d e \u201cGest\u00e3o de documentos II\u201d, participaram da atividade que foi ministrada pela professora Esmeralda Porf\u00edrio de Sales, que possui larga experi\u00eancia em gest\u00e3o documental e implanta\u00e7\u00e3o de pol\u00edticas arquiv\u00edsticas em institui\u00e7\u00f5es p\u00fablicas e privadas.<\/p>\n<p>Durante a palestra os estudantes conheceram a legisla\u00e7\u00e3o relacionada \u00e0 gest\u00e3o de documentos, as t\u00e9cnicas, objetivos, etapas, os elementos necess\u00e1rios para a implanta\u00e7\u00e3o da gest\u00e3o documental (como o plano de classifica\u00e7\u00e3o documental), e tiveram a oportunidade de sanar as poss\u00edveis d\u00favidas e curiosidades relacionados \u00e0 esse procedimento.<\/p>\n","protected":false},"excerpt":{"rendered":"<p>Uma das principais estrat\u00e9gias utilizada pelas organiza\u00e7\u00f5es na sociedade do conhecimento, a gest\u00e3o documental \u00e9 um tema crucial abordado ao longo da forma\u00e7\u00e3o dos arquivistas que devem atuar como gestores da informa\u00e7\u00e3o. Nesse sentido, o curso de Arquivologia da Universidade Estadual da Para\u00edba promove, a cada semestre, por iniciativa da professora Maria Jos\u00e9 Cordeiro, a <a class=\"leiamais\" href=\"https:\/\/centros.uepb.edu.br\/ccbsa\/estudantes-do-curso-de-arquivologia-participam-de-palestra-sobre-os-instrumentos-de-gestao-documental\/\">Leia Mais&#8230;<\/a><\/p>\n","protected":false},"author":8,"featured_media":2576,"comment_status":"closed","ping_status":"closed","sticky":false,"template":"","format":"standard","meta":{"footnotes":""},"categories":[6],"tags":[],"class_list":["post-2575","post","type-post","status-publish","format-standard","has-post-thumbnail","hentry","category-slide"],"jetpack_featured_media_url":"https:\/\/centros.uepb.edu.br\/ccbsa\/files\/2016\/02\/DSCF0191EDT.jpg","_links":{"self":[{"href":"https:\/\/centros.uepb.edu.br\/ccbsa\/wp-json\/wp\/v2\/posts\/2575","targetHints":{"allow":["GET"]}}],"collection":[{"href":"https:\/\/centros.uepb.edu.br\/ccbsa\/wp-json\/wp\/v2\/posts"}],"about":[{"href":"https:\/\/centros.uepb.edu.br\/ccbsa\/wp-json\/wp\/v2\/types\/post"}],"author":[{"embeddable":true,"href":"https:\/\/centros.uepb.edu.br\/ccbsa\/wp-json\/wp\/v2\/users\/8"}],"replies":[{"embeddable":true,"href":"https:\/\/centros.uepb.edu.br\/ccbsa\/wp-json\/wp\/v2\/comments?post=2575"}],"version-history":[{"count":0,"href":"https:\/\/centros.uepb.edu.br\/ccbsa\/wp-json\/wp\/v2\/posts\/2575\/revisions"}],"wp:featuredmedia":[{"embeddable":true,"href":"https:\/\/centros.uepb.edu.br\/ccbsa\/wp-json\/wp\/v2\/media\/2576"}],"wp:attachment":[{"href":"https:\/\/centros.uepb.edu.br\/ccbsa\/wp-json\/wp\/v2\/media?parent=2575"}],"wp:term":[{"taxonomy":"category","embeddable":true,"href":"https:\/\/centros.uepb.edu.br\/ccbsa\/wp-json\/wp\/v2\/categories?post=2575"},{"taxonomy":"post_tag","embeddable":true,"href":"https:\/\/centros.uepb.edu.br\/ccbsa\/wp-json\/wp\/v2\/tags?post=2575"}],"curies":[{"name":"wp","href":"https:\/\/api.w.org\/{rel}","templated":true}]}}