{"id":2572,"date":"2016-02-19T14:30:12","date_gmt":"2016-02-19T14:30:12","guid":{"rendered":"https:\/\/centros.uepb.edu.br\/ccbsa\/?p=2572"},"modified":"2016-02-19T14:30:12","modified_gmt":"2016-02-19T14:30:12","slug":"ccbsa-sedia-minicurso-que-discute-o-papel-dos-ambientes-locais-na-promocao-da-paz-mundial","status":"publish","type":"post","link":"https:\/\/centros.uepb.edu.br\/ccbsa\/ccbsa-sedia-minicurso-que-discute-o-papel-dos-ambientes-locais-na-promocao-da-paz-mundial\/","title":{"rendered":"CCBSA sedia minicurso que discute o papel dos ambientes locais na promo\u00e7\u00e3o da paz mundial"},"content":{"rendered":"<p><a href=\"https:\/\/centros.uepb.edu.br\/ccbsa\/files\/2016\/02\/DSCF0178.jpg\" rel=\"attachment wp-att-2573\"><img loading=\"lazy\" decoding=\"async\" class=\"alignleft size-thumbnail wp-image-2573 img-responsive\" src=\"https:\/\/centros.uepb.edu.br\/ccbsa\/files\/2016\/02\/DSCF0178-150x150.jpg\" alt=\"DSCF0178\" width=\"150\" height=\"150\" srcset=\"https:\/\/centros.uepb.edu.br\/ccbsa\/files\/2016\/02\/DSCF0178-150x150.jpg 150w, https:\/\/centros.uepb.edu.br\/ccbsa\/files\/2016\/02\/DSCF0178-50x50.jpg 50w\" sizes=\"auto, (max-width: 150px) 100vw, 150px\" \/><\/a>\u201cDados os fracassos em se estabilizar pa\u00edses de maneira tradicional, por que n\u00e3o trazer ent\u00e3o a popula\u00e7\u00e3o local?\u201d, esse questionamento do professor \u00c1ureo de Toledo pode ser considerado ponto de partida para a discuss\u00e3o realizada na tarde desta quinta-feira (18) no audit\u00f3rio do Centro de Ci\u00eancias Biol\u00f3gicas e Sociais Aplicadas da Universidade Estadual da Para\u00edba, em Jo\u00e3o Pessoa, durante o minicurso \u201cVirada Local nos Estudos para a Paz\u201d.<\/p>\n<p>O evento, organizado pelo Grupo de Estudos de Paz e Seguran\u00e7a Mundial (GEPASM) da UEPB, contou com a participa\u00e7\u00e3o de estudantes da gradua\u00e7\u00e3o em Rela\u00e7\u00f5es Internacionais da Universidade Estadual da Para\u00edba, Universidade Federal da Para\u00edba e Faculdade ASCES, de Caruaru, este \u00faltimo grupo de alunos por teleconfer\u00eancia; p\u00f3s-graduandos e pesquisadores que estudam a tem\u00e1tica abordada.<\/p>\n<p>Realizado por interm\u00e9dio do meio digital, via teleconfer\u00eancia, o evento foi ministrado pelo professor da Universidade Federal de Uberl\u00e2ndia, \u00c1ureo de Toledo Gomes e pela pesquisadora da Universidade de Coimbra Roberta Holanda Maschietto, que abordaram o conceito de virada local por meio de autores e autoras, como John Paul Lederach, Oliver Richmond, Roger Mac Ginty, David Chandler, tratando te\u00f3rica e empiricamente a ideia de que a paz produzida em situa\u00e7\u00f5es p\u00f3s-conflito seria h\u00edbrida, resultado de intera\u00e7\u00f5es entre agentes internacionais e atores locais.<\/p>\n<p>De acordo com o professor Paulo Kuhlmann, coordenador do GEPASM, o objetivo deste minicurso \u00e9 focar nesse conceito que considera a promo\u00e7\u00e3o da paz como resultado de uma iniciativa que vai al\u00e9m de a\u00e7\u00f5es institucionais, ou oriundas de \u00f3rg\u00e3os internacionais, mas, parte de um empoderamento de agentes locais, constituindo o que \u00e9 chamado de \u201cvirada local\u201d.<\/p>\n<p>\u201cNa verdade o GEPASM, que estuda paz e seguran\u00e7a mundial, desenvolve alguns estudos que apontam que a paz n\u00e3o vem por tratados entre governantes simplesmente ou constru\u00e7\u00e3o de minist\u00e9rios, como alguns acreditam. A paz come\u00e7a necessariamente nos ambientes locais. Ent\u00e3o estamos com um grupo de pesquisadores estudando a import\u00e2ncia do ambiente local para a constru\u00e7\u00e3o da paz, independente do pa\u00eds que tenha sofrido com guerra civil, que foi de um regime autorit\u00e1rio, que teve muita viol\u00eancia e muito conflito anteriormente. E esse minicurso foi organizado com esse intuito\u201d, concluiu o professor Paulo.<\/p>\n","protected":false},"excerpt":{"rendered":"<p>\u201cDados os fracassos em se estabilizar pa\u00edses de maneira tradicional, por que n\u00e3o trazer ent\u00e3o a popula\u00e7\u00e3o local?\u201d, esse questionamento do professor \u00c1ureo de Toledo pode ser considerado ponto de partida para a discuss\u00e3o realizada na tarde desta quinta-feira (18) no audit\u00f3rio do Centro de Ci\u00eancias Biol\u00f3gicas e Sociais Aplicadas da Universidade Estadual da Para\u00edba, <a class=\"leiamais\" href=\"https:\/\/centros.uepb.edu.br\/ccbsa\/ccbsa-sedia-minicurso-que-discute-o-papel-dos-ambientes-locais-na-promocao-da-paz-mundial\/\">Leia Mais&#8230;<\/a><\/p>\n","protected":false},"author":8,"featured_media":2573,"comment_status":"closed","ping_status":"closed","sticky":false,"template":"","format":"standard","meta":{"footnotes":""},"categories":[6],"tags":[],"class_list":["post-2572","post","type-post","status-publish","format-standard","has-post-thumbnail","hentry","category-slide"],"jetpack_featured_media_url":"https:\/\/centros.uepb.edu.br\/ccbsa\/files\/2016\/02\/DSCF0178.jpg","_links":{"self":[{"href":"https:\/\/centros.uepb.edu.br\/ccbsa\/wp-json\/wp\/v2\/posts\/2572","targetHints":{"allow":["GET"]}}],"collection":[{"href":"https:\/\/centros.uepb.edu.br\/ccbsa\/wp-json\/wp\/v2\/posts"}],"about":[{"href":"https:\/\/centros.uepb.edu.br\/ccbsa\/wp-json\/wp\/v2\/types\/post"}],"author":[{"embeddable":true,"href":"https:\/\/centros.uepb.edu.br\/ccbsa\/wp-json\/wp\/v2\/users\/8"}],"replies":[{"embeddable":true,"href":"https:\/\/centros.uepb.edu.br\/ccbsa\/wp-json\/wp\/v2\/comments?post=2572"}],"version-history":[{"count":0,"href":"https:\/\/centros.uepb.edu.br\/ccbsa\/wp-json\/wp\/v2\/posts\/2572\/revisions"}],"wp:featuredmedia":[{"embeddable":true,"href":"https:\/\/centros.uepb.edu.br\/ccbsa\/wp-json\/wp\/v2\/media\/2573"}],"wp:attachment":[{"href":"https:\/\/centros.uepb.edu.br\/ccbsa\/wp-json\/wp\/v2\/media?parent=2572"}],"wp:term":[{"taxonomy":"category","embeddable":true,"href":"https:\/\/centros.uepb.edu.br\/ccbsa\/wp-json\/wp\/v2\/categories?post=2572"},{"taxonomy":"post_tag","embeddable":true,"href":"https:\/\/centros.uepb.edu.br\/ccbsa\/wp-json\/wp\/v2\/tags?post=2572"}],"curies":[{"name":"wp","href":"https:\/\/api.w.org\/{rel}","templated":true}]}}