{"id":2568,"date":"2016-02-17T13:43:55","date_gmt":"2016-02-17T13:43:55","guid":{"rendered":"https:\/\/centros.uepb.edu.br\/ccbsa\/?p=2568"},"modified":"2016-02-17T13:43:55","modified_gmt":"2016-02-17T13:43:55","slug":"estudantes-de-arquivologia-participam-de-palestra-sobre-etica-e-procedimentos-para-deposito-do-tcc","status":"publish","type":"post","link":"https:\/\/centros.uepb.edu.br\/ccbsa\/estudantes-de-arquivologia-participam-de-palestra-sobre-etica-e-procedimentos-para-deposito-do-tcc\/","title":{"rendered":"Estudantes de Arquivologia participam de palestra sobre \u00e9tica e procedimentos para dep\u00f3sito do TCC"},"content":{"rendered":"<p><a href=\"https:\/\/centros.uepb.edu.br\/ccbsa\/files\/2016\/02\/DSCF0165.jpg\" rel=\"attachment wp-att-2569\"><img loading=\"lazy\" decoding=\"async\" class=\"alignleft size-thumbnail wp-image-2569 img-responsive\" src=\"https:\/\/centros.uepb.edu.br\/ccbsa\/files\/2016\/02\/DSCF0165-150x150.jpg\" alt=\"DSCF0165\" width=\"150\" height=\"150\" srcset=\"https:\/\/centros.uepb.edu.br\/ccbsa\/files\/2016\/02\/DSCF0165-150x150.jpg 150w, https:\/\/centros.uepb.edu.br\/ccbsa\/files\/2016\/02\/DSCF0165-50x50.jpg 50w\" sizes=\"auto, (max-width: 150px) 100vw, 150px\" \/><\/a>Com o objetivo de orientar os estudantes na elabora\u00e7\u00e3o do Trabalho de Conclus\u00e3o de Curso, a coordena\u00e7\u00e3o do curso de Arquivologia realizou uma palestra, na manh\u00e3 desta ter\u00e7a-feira (17), com a presen\u00e7a do coordenador adjunto do referido bacharelado, professor Germano Ramalho e o bibliotec\u00e1rio do Campus V, Kleber Trajano, uma palestra sobre \u00e9tica e procedimentos para dep\u00f3sito de TCC na biblioteca.<\/p>\n<p>A atividade foi realizada no audit\u00f3rio Pioneiros objetivando auxiliar os estudantes sobre o funcionamento do conselho de \u00e9tica institucional, as normas para a entrega dos TCCs na biblioteca do Campus, al\u00e9m de orientar para a escolha de temas dos estudos, docentes orientadores e etapas da produ\u00e7\u00e3o acad\u00eamica.<\/p>\n","protected":false},"excerpt":{"rendered":"<p>Com o objetivo de orientar os estudantes na elabora\u00e7\u00e3o do Trabalho de Conclus\u00e3o de Curso, a coordena\u00e7\u00e3o do curso de Arquivologia realizou uma palestra, na manh\u00e3 desta ter\u00e7a-feira (17), com a presen\u00e7a do coordenador adjunto do referido bacharelado, professor Germano Ramalho e o bibliotec\u00e1rio do Campus V, Kleber Trajano, uma palestra sobre \u00e9tica e procedimentos <a class=\"leiamais\" href=\"https:\/\/centros.uepb.edu.br\/ccbsa\/estudantes-de-arquivologia-participam-de-palestra-sobre-etica-e-procedimentos-para-deposito-do-tcc\/\">Leia Mais&#8230;<\/a><\/p>\n","protected":false},"author":8,"featured_media":0,"comment_status":"closed","ping_status":"closed","sticky":false,"template":"","format":"standard","meta":{"footnotes":""},"categories":[3,5],"tags":[],"class_list":["post-2568","post","type-post","status-publish","format-standard","hentry","category-noticias","category-visiveis"],"jetpack_featured_media_url":"","_links":{"self":[{"href":"https:\/\/centros.uepb.edu.br\/ccbsa\/wp-json\/wp\/v2\/posts\/2568","targetHints":{"allow":["GET"]}}],"collection":[{"href":"https:\/\/centros.uepb.edu.br\/ccbsa\/wp-json\/wp\/v2\/posts"}],"about":[{"href":"https:\/\/centros.uepb.edu.br\/ccbsa\/wp-json\/wp\/v2\/types\/post"}],"author":[{"embeddable":true,"href":"https:\/\/centros.uepb.edu.br\/ccbsa\/wp-json\/wp\/v2\/users\/8"}],"replies":[{"embeddable":true,"href":"https:\/\/centros.uepb.edu.br\/ccbsa\/wp-json\/wp\/v2\/comments?post=2568"}],"version-history":[{"count":0,"href":"https:\/\/centros.uepb.edu.br\/ccbsa\/wp-json\/wp\/v2\/posts\/2568\/revisions"}],"wp:attachment":[{"href":"https:\/\/centros.uepb.edu.br\/ccbsa\/wp-json\/wp\/v2\/media?parent=2568"}],"wp:term":[{"taxonomy":"category","embeddable":true,"href":"https:\/\/centros.uepb.edu.br\/ccbsa\/wp-json\/wp\/v2\/categories?post=2568"},{"taxonomy":"post_tag","embeddable":true,"href":"https:\/\/centros.uepb.edu.br\/ccbsa\/wp-json\/wp\/v2\/tags?post=2568"}],"curies":[{"name":"wp","href":"https:\/\/api.w.org\/{rel}","templated":true}]}}