{"id":2566,"date":"2016-02-16T12:39:40","date_gmt":"2016-02-16T12:39:40","guid":{"rendered":"https:\/\/centros.uepb.edu.br\/ccbsa\/?p=2566"},"modified":"2016-02-16T12:39:40","modified_gmt":"2016-02-16T12:39:40","slug":"divulgadas-9a-chamada-da-lista-de-espera-propria-e-3a-chamada-das-vagas-remanescentes-do-sisu-2015-2","status":"publish","type":"post","link":"https:\/\/centros.uepb.edu.br\/ccbsa\/divulgadas-9a-chamada-da-lista-de-espera-propria-e-3a-chamada-das-vagas-remanescentes-do-sisu-2015-2\/","title":{"rendered":"Divulgadas 9\u00aa chamada da lista de espera pr\u00f3pria e 3\u00aa chamada das vagas remanescentes do SiSU 2015.2"},"content":{"rendered":"<p>A Pr\u00f3-Reitoria de Gradua\u00e7\u00e3o (PROGRAD) da Universidade Estadual da Para\u00edba (UEPB) divulgou nesta segunda-feira (15) a nona chamada da lista de espera pr\u00f3pria para ingresso na Institui\u00e7\u00e3o atrav\u00e9s do Sistema de Sele\u00e7\u00e3o Unificada (SiSU) do per\u00edodo 2015.2 e a terceira chamada das vagas remanescentes conforme o Edital 17\/2015 PROGRAD\/UEPB. Ao todo, est\u00e3o sendo convocados 116 candidatos da nona chamada e 9 candidatos da terceira chamada, que dever\u00e3o efetuar matr\u00edcula nos dias 16 e 17 de fevereiro, nas coordena\u00e7\u00f5es do curso para o qual foram aprovados.<\/p>\n<p>Os convocados devem comparecer pra matr\u00edcula com o formul\u00e1rio de cadastramento preenchido e portando os seguintes documentos (com as respectivas c\u00f3pias autenticadas): certificado de conclus\u00e3o do Ensino M\u00e9dio e Hist\u00f3rico Escolar; RG e CPF; prova de quita\u00e7\u00e3o com o Servi\u00e7o Militar (no caso de candidatos do sexo masculino); Registro de Nascimento ou Certid\u00e3o de Casamento; prova de quita\u00e7\u00e3o com o TRE, para maiores de 18 anos; e uma foto 3\u00d74 recente.<\/p>\n<p>Outras informa\u00e7\u00f5es pelo telefone (83) 3315-3350.<\/p>\n<ul>\n<li><a href=\"http:\/\/www.uepb.edu.br\/download\/4_-_outros_documentos_2016\/1502-nona-chama-pronta-para-divulgacao1.pdf\">9\u00aa Lista de Espera<\/a><\/li>\n<li><a href=\"http:\/\/www.uepb.edu.br\/download\/4_-_outros_documentos_2016\/1505-3a-chamada-do-Edital-017.2015.pdf\">3\u00aa Chamada do Edital<\/a><\/li>\n<li><a href=\"http:\/\/www.uepb.edu.br\/download\/4_-_outros_documentos_2016\/1502-FORMULARIO-CADASTRAMENTO-SiSU-COTA-DE-INCLUSAO-1.pdf\">Formul\u00e1rio Cota de Inclus\u00e3o<\/a><\/li>\n<li><a href=\"http:\/\/www.uepb.edu.br\/download\/4_-_outros_documentos_2016\/1502-FORMULARIO-CADASTRAMENTO-SiSU-COTA-UNIVERSAL-3.pdf\">Formul\u00e1rio Cota Universal<\/a><\/li>\n<\/ul>\n","protected":false},"excerpt":{"rendered":"<p>A Pr\u00f3-Reitoria de Gradua\u00e7\u00e3o (PROGRAD) da Universidade Estadual da Para\u00edba (UEPB) divulgou nesta segunda-feira (15) a nona chamada da lista de espera pr\u00f3pria para ingresso na Institui\u00e7\u00e3o atrav\u00e9s do Sistema de Sele\u00e7\u00e3o Unificada (SiSU) do per\u00edodo 2015.2 e a terceira chamada das vagas remanescentes conforme o Edital 17\/2015 PROGRAD\/UEPB. Ao todo, est\u00e3o sendo convocados 116 <a class=\"leiamais\" href=\"https:\/\/centros.uepb.edu.br\/ccbsa\/divulgadas-9a-chamada-da-lista-de-espera-propria-e-3a-chamada-das-vagas-remanescentes-do-sisu-2015-2\/\">Leia Mais&#8230;<\/a><\/p>\n","protected":false},"author":8,"featured_media":0,"comment_status":"closed","ping_status":"closed","sticky":false,"template":"","format":"standard","meta":{"footnotes":""},"categories":[3,5],"tags":[],"class_list":["post-2566","post","type-post","status-publish","format-standard","hentry","category-noticias","category-visiveis"],"jetpack_featured_media_url":"","_links":{"self":[{"href":"https:\/\/centros.uepb.edu.br\/ccbsa\/wp-json\/wp\/v2\/posts\/2566","targetHints":{"allow":["GET"]}}],"collection":[{"href":"https:\/\/centros.uepb.edu.br\/ccbsa\/wp-json\/wp\/v2\/posts"}],"about":[{"href":"https:\/\/centros.uepb.edu.br\/ccbsa\/wp-json\/wp\/v2\/types\/post"}],"author":[{"embeddable":true,"href":"https:\/\/centros.uepb.edu.br\/ccbsa\/wp-json\/wp\/v2\/users\/8"}],"replies":[{"embeddable":true,"href":"https:\/\/centros.uepb.edu.br\/ccbsa\/wp-json\/wp\/v2\/comments?post=2566"}],"version-history":[{"count":0,"href":"https:\/\/centros.uepb.edu.br\/ccbsa\/wp-json\/wp\/v2\/posts\/2566\/revisions"}],"wp:attachment":[{"href":"https:\/\/centros.uepb.edu.br\/ccbsa\/wp-json\/wp\/v2\/media?parent=2566"}],"wp:term":[{"taxonomy":"category","embeddable":true,"href":"https:\/\/centros.uepb.edu.br\/ccbsa\/wp-json\/wp\/v2\/categories?post=2566"},{"taxonomy":"post_tag","embeddable":true,"href":"https:\/\/centros.uepb.edu.br\/ccbsa\/wp-json\/wp\/v2\/tags?post=2566"}],"curies":[{"name":"wp","href":"https:\/\/api.w.org\/{rel}","templated":true}]}}