{"id":2551,"date":"2016-02-12T14:15:35","date_gmt":"2016-02-12T14:15:35","guid":{"rendered":"https:\/\/centros.uepb.edu.br\/ccbsa\/?p=2551"},"modified":"2016-02-12T14:25:47","modified_gmt":"2016-02-12T14:25:47","slug":"grupo-de-estudos-do-ccbsa-realiza-minicurso-que-abordara-a-virada-local-nas-pesquisas-para-a-paz","status":"publish","type":"post","link":"https:\/\/centros.uepb.edu.br\/ccbsa\/grupo-de-estudos-do-ccbsa-realiza-minicurso-que-abordara-a-virada-local-nas-pesquisas-para-a-paz\/","title":{"rendered":"Grupo de Estudos do CCBSA realiza minicurso que abordar\u00e1 a virada local nas pesquisas para a paz"},"content":{"rendered":"<p><a href=\"https:\/\/centros.uepb.edu.br\/ccbsa\/files\/2016\/02\/Banneredit2.jpg\" rel=\"attachment wp-att-2553\"><img loading=\"lazy\" decoding=\"async\" class=\"alignleft size-thumbnail wp-image-2553 img-responsive\" src=\"https:\/\/centros.uepb.edu.br\/ccbsa\/files\/2016\/02\/Banneredit2-150x150.jpg\" alt=\"Banneredit2\" width=\"150\" height=\"150\" srcset=\"https:\/\/centros.uepb.edu.br\/ccbsa\/files\/2016\/02\/Banneredit2-150x150.jpg 150w, https:\/\/centros.uepb.edu.br\/ccbsa\/files\/2016\/02\/Banneredit2-50x50.jpg 50w\" sizes=\"auto, (max-width: 150px) 100vw, 150px\" \/><\/a>Cr\u00edticas \u00e0 paz liberal, a import\u00e2ncia da virada local, rela\u00e7\u00f5es de poder e domina\u00e7\u00e3o, estado e cidadania, s\u00e3o alguns dos temas a serem tratados durante a \u201cVirada Local nos Estudos para a Paz\u201d, evento organizado pelo Grupo de Estudos de Paz e Seguran\u00e7a Mundial (GEPASM) vinculado ao Centro de Ci\u00eancias Biol\u00f3gicas e Sociais Aplicadas da Universidade Estadual da Para\u00edba, que ocorrer\u00e1 na quinta-feira,18 de fevereiro, das 13 \u00e0s 17h, no audit\u00f3rio Pioneiros, localizado \u00e0 rua Hor\u00e1cio Trajano de Oliveira, s\/n, Cristo, Jo\u00e3o Pessoa.<\/p>\n<p>O objetivo do minicurso \u00e9 apresentar aos estudantes e demais interessados as linhas gerais do que se convencionou chamar \u201cVirada Local nos Estudos para a Paz\u201d. O curso \u00e9 dividido em duas partes, cada uma com duas horas. A primeira parte concentra-se na revis\u00e3o do estado da arte, tomando como refer\u00eancia os trabalhos pioneiros de John Paul Lederach sobre empoderamento de agentes locais para constru\u00e7\u00e3o da paz e cr\u00edticas \u00e0 chamada paz liberal realizada por figuras como Oliver Richmond, Roger Mac Ginty, David Chandler, dentre outros.<\/p>\n<p>De acordo com os organizadores \u201cassim, pretende-se discutir como este conjunto de autores e autoras passaram a perseguir te\u00f3rica e empiricamente a ideia de que a paz produzida em situa\u00e7\u00f5es p\u00f3s-conflito seria h\u00edbrida, resultado de intera\u00e7\u00f5es entre agentes internacionais e atores locais\u201d. A segunda parte do curso \u00e9 voltada \u00e0s cr\u00edticas e desafios presentes no debate atual e nas implica\u00e7\u00f5es metodol\u00f3gicas desta agenda, inclusive no que concerne a realiza\u00e7\u00e3o de pesquisa de campo.<\/p>\n<p>Os ministrantes do minicurso ser\u00e3o o professor da Universidade Federal de Uberl\u00e2ndia, Aureo de Toledo Gomes, que possui doutorado em Ci\u00eancia Pol\u00edtica pela Universidade de S\u00e3o Paulo e est\u00e1gio p\u00f3s-doutoral pela The University of Manchester, Humanitarian and Conflict Response Institute, atuando com pesquisas na \u00e1rea de Seguran\u00e7a Internacional (sobretudo temas relativos \u00e0s opera\u00e7\u00f5es de peacebuilding e state-building) e a pesquisadora Roberta Holanda Maschietto, p\u00f3s-doutora no Centro de Estudos Sociais, Universidade de Coimbra e doutora em Estudos para a Paz pela Universidade de Bradford. Na pesquisa de doutorado discutiu a problem\u00e1tica da promo\u00e7\u00e3o de empoderamento local em Mo\u00e7ambique ap\u00f3s a guerra.<\/p>\n<p>As inscri\u00e7\u00f5es para o minicurso s\u00e3o feitas no endere\u00e7o eletr\u00f4nico do GEPASM (<a href=\"http:\/\/gepasm.blogspot.com.br\">http:\/\/gepasm.blogspot.com.br<\/a>) onde est\u00e3o dispon\u00edveis a ementa e o material necess\u00e1rio para a forma\u00e7\u00e3o.<\/p>\n<p><strong>Sobre o GEPASM<\/strong><\/p>\n<p>O Grupo de Estudos de Paz e Seguran\u00e7a Mundial \u00e9 coordenado pelo professor da gradua\u00e7\u00e3o e p\u00f3s-gradua\u00e7\u00e3o em Rela\u00e7\u00f5es Internacionais da UEPB, Paulo Kuhlmann e pelo professor da UFPB, Marcos Alan Ferreira, reunindo pesquisadores de diversas universidades que se dedicam aos estudos de paz e transforma\u00e7\u00e3o de conflitos.<\/p>\n<p>Voltado a an\u00e1lises cr\u00edticas da seguran\u00e7a mundial, na qual os diferentes n\u00edveis (local, nacional, regional e internacional) s\u00e3o levados em conta, o GEPASM entende a seguran\u00e7a como algo a ser constru\u00eddo, como descrito em textos n\u00f3rdicos sobre a paz e a seguran\u00e7a positiva, ou mesmo pelo conceito de seguran\u00e7a humana e pelos estudos cr\u00edticos de seguran\u00e7a, em que se d\u00e1 especial aten\u00e7\u00e3o \u00e0 quest\u00e3o da emancipa\u00e7\u00e3o e a capacita\u00e7\u00e3o pela constru\u00e7\u00e3o de uma sociedade pac\u00edfica e justa.<\/p>\n<p>A iniciativa articula debates te\u00f3ricos e a\u00e7\u00f5es pr\u00e1ticas. Tais a\u00e7\u00f5es s\u00e3o exemplificadas com o Projeto \u201cUNIVERSIDADE NO CRISTO\/RANGEL: Educa\u00e7\u00e3o como geradora de seguran\u00e7a humana (Projeto Universidade em A\u00e7\u00e3o \u2013 PUA)\u201d, consecutivamente aprovado nos editais PROBEX-UEPB desde 2011 e ativo at\u00e9 o presente o momento. O projeto de extens\u00e3o re\u00fane graduandos e mestrandos de Rela\u00e7\u00f5es Internacionais, Biologia e Arquivologia, bem como alunos do ensino m\u00e9dio da Escola Jos\u00e9 Lins do Rego. Ainda, articula-se com a Rede Crer Ser, de escolas dos bairros Cristo e Rangel, como tamb\u00e9m com o Projeto de Extens\u00e3o da UFPB MEDIAC, que trabalha com diversos tipos de media\u00e7\u00e3o e de processo de resolu\u00e7\u00e3o de conflitos auto-compositivos e transcendentes \u00e0 pr\u00e1tica jur\u00eddica.<\/p>\n","protected":false},"excerpt":{"rendered":"<p>Cr\u00edticas \u00e0 paz liberal, a import\u00e2ncia da virada local, rela\u00e7\u00f5es de poder e domina\u00e7\u00e3o, estado e cidadania, s\u00e3o alguns dos temas a serem tratados durante a \u201cVirada Local nos Estudos para a Paz\u201d, evento organizado pelo Grupo de Estudos de Paz e Seguran\u00e7a Mundial (GEPASM) vinculado ao Centro de Ci\u00eancias Biol\u00f3gicas e Sociais Aplicadas da <a class=\"leiamais\" href=\"https:\/\/centros.uepb.edu.br\/ccbsa\/grupo-de-estudos-do-ccbsa-realiza-minicurso-que-abordara-a-virada-local-nas-pesquisas-para-a-paz\/\">Leia Mais&#8230;<\/a><\/p>\n","protected":false},"author":8,"featured_media":2552,"comment_status":"closed","ping_status":"closed","sticky":false,"template":"","format":"standard","meta":{"footnotes":""},"categories":[6],"tags":[],"class_list":["post-2551","post","type-post","status-publish","format-standard","has-post-thumbnail","hentry","category-slide"],"jetpack_featured_media_url":"https:\/\/centros.uepb.edu.br\/ccbsa\/files\/2016\/02\/Banneredit.jpg","_links":{"self":[{"href":"https:\/\/centros.uepb.edu.br\/ccbsa\/wp-json\/wp\/v2\/posts\/2551","targetHints":{"allow":["GET"]}}],"collection":[{"href":"https:\/\/centros.uepb.edu.br\/ccbsa\/wp-json\/wp\/v2\/posts"}],"about":[{"href":"https:\/\/centros.uepb.edu.br\/ccbsa\/wp-json\/wp\/v2\/types\/post"}],"author":[{"embeddable":true,"href":"https:\/\/centros.uepb.edu.br\/ccbsa\/wp-json\/wp\/v2\/users\/8"}],"replies":[{"embeddable":true,"href":"https:\/\/centros.uepb.edu.br\/ccbsa\/wp-json\/wp\/v2\/comments?post=2551"}],"version-history":[{"count":0,"href":"https:\/\/centros.uepb.edu.br\/ccbsa\/wp-json\/wp\/v2\/posts\/2551\/revisions"}],"wp:featuredmedia":[{"embeddable":true,"href":"https:\/\/centros.uepb.edu.br\/ccbsa\/wp-json\/wp\/v2\/media\/2552"}],"wp:attachment":[{"href":"https:\/\/centros.uepb.edu.br\/ccbsa\/wp-json\/wp\/v2\/media?parent=2551"}],"wp:term":[{"taxonomy":"category","embeddable":true,"href":"https:\/\/centros.uepb.edu.br\/ccbsa\/wp-json\/wp\/v2\/categories?post=2551"},{"taxonomy":"post_tag","embeddable":true,"href":"https:\/\/centros.uepb.edu.br\/ccbsa\/wp-json\/wp\/v2\/tags?post=2551"}],"curies":[{"name":"wp","href":"https:\/\/api.w.org\/{rel}","templated":true}]}}