{"id":255,"date":"2013-06-18T12:47:27","date_gmt":"2013-06-18T12:47:27","guid":{"rendered":"\/ccbsa\/?p=255"},"modified":"2013-06-25T14:02:49","modified_gmt":"2013-06-25T14:02:49","slug":"projeto-adote-sua-arvore-divulga-cronograma-de-plantio-de-mudas-e-especies-disponiveis-para-adocao","status":"publish","type":"post","link":"https:\/\/centros.uepb.edu.br\/ccbsa\/projeto-adote-sua-arvore-divulga-cronograma-de-plantio-de-mudas-e-especies-disponiveis-para-adocao\/","title":{"rendered":"Projeto Adote sua \u00c1rvore divulga cronograma de plantio de mudas e esp\u00e9cies dispon\u00edveis para ado\u00e7\u00e3o"},"content":{"rendered":"<p>A coordena\u00e7\u00e3o do projeto \u201cAdote sua \u00e1rvore\u201d, que prev\u00ea o cultivo de mudas de esp\u00e9cies frut\u00edferas e ornamentais na \u00e1rea de estacionamento do Campus V da UEPB, informa \u00e0 comunidade acad\u00eamica sobre o cronograma de plantio e as esp\u00e9cies ainda dispon\u00edveis para ado\u00e7\u00e3o.<\/p>\n<p>De acordo com o coordenador do projeto, professor \u00canio Wocily, a atividade de plantio ser\u00e1 realizada na quarta, quinta e sexta-feira, de 26 a 28 de junho, das 10 \u00e0s 12h, de acordo com a esp\u00e9cie adotada. Na quarta-feira (26) ser\u00e3o plantadas as esp\u00e9cies C\u00e1ssia-rosa, Ip\u00ea-roxo, Ip\u00ea-amarelo e o restante das mudas de Pau-Brasil e Pata de vaca que n\u00e3o foram plantadas durante as comemora\u00e7\u00f5es de in\u00edcio de per\u00edodo, no dia 14 de junho. Na quinta-feira (27) ser\u00e1 o dia de plantio das esp\u00e9cies de Saboneteira, Jambeiro, Jasmim-manga, Azeitona-preta, Oitizeiro e Subipiruna. E no \u00faltimo dia de plantio, na sexta-feira (28) ser\u00e3o plantadas as esp\u00e9cies de Neem, Cajueiro, Mangueira, Pitangueira, Romanzeira e Graviola.<\/p>\n<p>Ainda est\u00e3o dispon\u00edveis para ado\u00e7\u00e3o quatro mudas de saboneteira. Os interessados em adot\u00e1-las devem se dirigir \u00e0 coordena\u00e7\u00e3o do curso de Ci\u00eancias Biol\u00f3gicas e se comprometer com os cuidados de manuten\u00e7\u00e3o desta planta durante o per\u00edodo em que estiverem na institui\u00e7\u00e3o. Ap\u00f3s o plantio, cada muda receber\u00e1 uma placa, com o nome da esp\u00e9cie e do cuidador respons\u00e1vel.<\/p>\n","protected":false},"excerpt":{"rendered":"<p>A coordena\u00e7\u00e3o do projeto \u201cAdote sua \u00e1rvore\u201d, que prev\u00ea o cultivo de mudas de esp\u00e9cies frut\u00edferas e ornamentais na \u00e1rea de estacionamento do Campus V da UEPB, informa \u00e0 comunidade acad\u00eamica sobre o cronograma de plantio e as esp\u00e9cies ainda dispon\u00edveis para ado\u00e7\u00e3o. De acordo com o coordenador do projeto, professor \u00canio Wocily, a atividade <a class=\"leiamais\" href=\"https:\/\/centros.uepb.edu.br\/ccbsa\/projeto-adote-sua-arvore-divulga-cronograma-de-plantio-de-mudas-e-especies-disponiveis-para-adocao\/\">Leia Mais&#8230;<\/a><\/p>\n","protected":false},"author":8,"featured_media":311,"comment_status":"open","ping_status":"open","sticky":false,"template":"","format":"standard","meta":{"footnotes":""},"categories":[6],"tags":[],"class_list":["post-255","post","type-post","status-publish","format-standard","has-post-thumbnail","hentry","category-slide"],"jetpack_featured_media_url":"https:\/\/centros.uepb.edu.br\/ccbsa\/files\/2013\/06\/SAM_6252.jpg","_links":{"self":[{"href":"https:\/\/centros.uepb.edu.br\/ccbsa\/wp-json\/wp\/v2\/posts\/255","targetHints":{"allow":["GET"]}}],"collection":[{"href":"https:\/\/centros.uepb.edu.br\/ccbsa\/wp-json\/wp\/v2\/posts"}],"about":[{"href":"https:\/\/centros.uepb.edu.br\/ccbsa\/wp-json\/wp\/v2\/types\/post"}],"author":[{"embeddable":true,"href":"https:\/\/centros.uepb.edu.br\/ccbsa\/wp-json\/wp\/v2\/users\/8"}],"replies":[{"embeddable":true,"href":"https:\/\/centros.uepb.edu.br\/ccbsa\/wp-json\/wp\/v2\/comments?post=255"}],"version-history":[{"count":0,"href":"https:\/\/centros.uepb.edu.br\/ccbsa\/wp-json\/wp\/v2\/posts\/255\/revisions"}],"wp:featuredmedia":[{"embeddable":true,"href":"https:\/\/centros.uepb.edu.br\/ccbsa\/wp-json\/wp\/v2\/media\/311"}],"wp:attachment":[{"href":"https:\/\/centros.uepb.edu.br\/ccbsa\/wp-json\/wp\/v2\/media?parent=255"}],"wp:term":[{"taxonomy":"category","embeddable":true,"href":"https:\/\/centros.uepb.edu.br\/ccbsa\/wp-json\/wp\/v2\/categories?post=255"},{"taxonomy":"post_tag","embeddable":true,"href":"https:\/\/centros.uepb.edu.br\/ccbsa\/wp-json\/wp\/v2\/tags?post=255"}],"curies":[{"name":"wp","href":"https:\/\/api.w.org\/{rel}","templated":true}]}}