{"id":2549,"date":"2016-02-12T13:12:12","date_gmt":"2016-02-12T13:12:12","guid":{"rendered":"https:\/\/centros.uepb.edu.br\/ccbsa\/?p=2549"},"modified":"2016-02-12T13:12:12","modified_gmt":"2016-02-12T13:12:12","slug":"uepb-disponibiliza-minuta-do-plano-de-desenvolvimento-institucional-para-consulta-publica","status":"publish","type":"post","link":"https:\/\/centros.uepb.edu.br\/ccbsa\/uepb-disponibiliza-minuta-do-plano-de-desenvolvimento-institucional-para-consulta-publica\/","title":{"rendered":"UEPB disponibiliza minuta do Plano de Desenvolvimento Institucional para consulta p\u00fablica"},"content":{"rendered":"<div class=\"titulo \">A Universidade Estadual da Para\u00edba (UEPB) torna p\u00fablica a minuta do seu Plano de Desenvolvimento Institucional (PDI) 2014-2020, para que a comunidade acad\u00eamica possa apreciar e colaborar com sugest\u00f5es acerca do Plano. O PDI \u00e9 importante como instrumento de planejamento e gest\u00e3o, o qual projeta a Institui\u00e7\u00e3o para as novas demandas da sociedade.<\/div>\n<p>Al\u00e9m disso, o PDI n\u00e3o \u00e9 um instrumento pr\u00e9-definido e centralizado na Administra\u00e7\u00e3o Superior da Universidade, mas trata-se de um conjunto de princ\u00edpios, intera\u00e7\u00f5es e interdepend\u00eancias m\u00fatuos que orienta a Institui\u00e7\u00e3o em um processo din\u00e2mico de aprendizado, participa\u00e7\u00e3o, discuss\u00e3o e reflex\u00e3o cont\u00ednuos.<\/p>\n<p>A proposta do PDI 2014-2020 est\u00e1 dispon\u00edvel na p\u00e1gina da PROPLAN, acess\u00edvel pelo link<a href=\"http:\/\/proreitorias.uepb.edu.br\/proplan\/\" target=\"_blank\">http:\/\/proreitorias.uepb.edu.br\/proplan\/<\/a>, no menu \u201cDocumentos\u201d. Este planejamento \u00e9 implementado pela atua\u00e7\u00e3o integrada de toda a comunidade acad\u00eamica, em todos os n\u00edveis, como base de uma metodologia participativa, pressuposto de trabalho da gest\u00e3o da Universidade.<\/p>\n<p>As sugest\u00f5es sobre o PDI devem ser encaminhadas para o email contato@pdi.uepb.edu.br.<\/p>\n<p><strong>Texto:<\/strong> Marcelo Batista (PROPLAN)<\/p>\n","protected":false},"excerpt":{"rendered":"<p>A Universidade Estadual da Para\u00edba (UEPB) torna p\u00fablica a minuta do seu Plano de Desenvolvimento Institucional (PDI) 2014-2020, para que a comunidade acad\u00eamica possa apreciar e colaborar com sugest\u00f5es acerca do Plano. O PDI \u00e9 importante como instrumento de planejamento e gest\u00e3o, o qual projeta a Institui\u00e7\u00e3o para as novas demandas da sociedade. Al\u00e9m disso, <a class=\"leiamais\" href=\"https:\/\/centros.uepb.edu.br\/ccbsa\/uepb-disponibiliza-minuta-do-plano-de-desenvolvimento-institucional-para-consulta-publica\/\">Leia Mais&#8230;<\/a><\/p>\n","protected":false},"author":8,"featured_media":0,"comment_status":"closed","ping_status":"closed","sticky":false,"template":"","format":"standard","meta":{"footnotes":""},"categories":[3,5],"tags":[],"class_list":["post-2549","post","type-post","status-publish","format-standard","hentry","category-noticias","category-visiveis"],"jetpack_featured_media_url":"","_links":{"self":[{"href":"https:\/\/centros.uepb.edu.br\/ccbsa\/wp-json\/wp\/v2\/posts\/2549","targetHints":{"allow":["GET"]}}],"collection":[{"href":"https:\/\/centros.uepb.edu.br\/ccbsa\/wp-json\/wp\/v2\/posts"}],"about":[{"href":"https:\/\/centros.uepb.edu.br\/ccbsa\/wp-json\/wp\/v2\/types\/post"}],"author":[{"embeddable":true,"href":"https:\/\/centros.uepb.edu.br\/ccbsa\/wp-json\/wp\/v2\/users\/8"}],"replies":[{"embeddable":true,"href":"https:\/\/centros.uepb.edu.br\/ccbsa\/wp-json\/wp\/v2\/comments?post=2549"}],"version-history":[{"count":0,"href":"https:\/\/centros.uepb.edu.br\/ccbsa\/wp-json\/wp\/v2\/posts\/2549\/revisions"}],"wp:attachment":[{"href":"https:\/\/centros.uepb.edu.br\/ccbsa\/wp-json\/wp\/v2\/media?parent=2549"}],"wp:term":[{"taxonomy":"category","embeddable":true,"href":"https:\/\/centros.uepb.edu.br\/ccbsa\/wp-json\/wp\/v2\/categories?post=2549"},{"taxonomy":"post_tag","embeddable":true,"href":"https:\/\/centros.uepb.edu.br\/ccbsa\/wp-json\/wp\/v2\/tags?post=2549"}],"curies":[{"name":"wp","href":"https:\/\/api.w.org\/{rel}","templated":true}]}}