{"id":2533,"date":"2015-12-15T14:49:51","date_gmt":"2015-12-15T14:49:51","guid":{"rendered":"https:\/\/centros.uepb.edu.br\/ccbsa\/?p=2533"},"modified":"2015-12-15T14:49:51","modified_gmt":"2015-12-15T14:49:51","slug":"agenda-de-gestao-do-futebol-paraibano-e-lancada-e-esta-disponivel-aos-interessados","status":"publish","type":"post","link":"https:\/\/centros.uepb.edu.br\/ccbsa\/agenda-de-gestao-do-futebol-paraibano-e-lancada-e-esta-disponivel-aos-interessados\/","title":{"rendered":"Agenda de gest\u00e3o do futebol paraibano \u00e9 lan\u00e7ada e est\u00e1 dispon\u00edvel aos interessados"},"content":{"rendered":"<p><a href=\"https:\/\/centros.uepb.edu.br\/ccbsa\/files\/2015\/12\/FUTEBOL1.jpg\" rel=\"attachment wp-att-2534\"><img loading=\"lazy\" decoding=\"async\" class=\"alignleft size-thumbnail wp-image-2534 img-responsive\" src=\"https:\/\/centros.uepb.edu.br\/ccbsa\/files\/2015\/12\/FUTEBOL1-150x150.jpg\" alt=\"FUTEBOL1\" width=\"150\" height=\"150\" srcset=\"https:\/\/centros.uepb.edu.br\/ccbsa\/files\/2015\/12\/FUTEBOL1-150x150.jpg 150w, https:\/\/centros.uepb.edu.br\/ccbsa\/files\/2015\/12\/FUTEBOL1-50x50.jpg 50w\" sizes=\"auto, (max-width: 150px) 100vw, 150px\" \/><\/a>Apresentar eixos que possam nortear o gerenciamento do futebol na Para\u00edba at\u00e9 2019, esse \u00e9 o principal objetivo da agenda de gest\u00e3o do futebol paraibano, rec\u00e9m lan\u00e7ada nas cidades de Campina Grande e Jo\u00e3o Pessoa e dispon\u00edvel para os interessados na secretaria do Centro de Ci\u00eancias Biol\u00f3gicas e Sociais Aplicadas (CCBSA) da Universidade Estadual da Para\u00edba (UEPB). O documento \u00e9 constru\u00eddo a partir do projeto de extens\u00e3o do CCBSA \u201cFutebol Paraibano Gest\u00e3o e Sustentabilidade\u201d.<\/p>\n<p>A agenda \u00e9 fruto das duas edi\u00e7\u00f5es do Semin\u00e1rio Pensando o Futebol <a href=\"https:\/\/centros.uepb.edu.br\/ccbsa\/files\/2015\/12\/futebol2.jpg\" rel=\"attachment wp-att-2535\"><img loading=\"lazy\" decoding=\"async\" class=\"alignright size-thumbnail wp-image-2535 img-responsive\" src=\"https:\/\/centros.uepb.edu.br\/ccbsa\/files\/2015\/12\/futebol2-150x150.jpg\" alt=\"futebol2\" width=\"150\" height=\"150\" srcset=\"https:\/\/centros.uepb.edu.br\/ccbsa\/files\/2015\/12\/futebol2-150x150.jpg 150w, https:\/\/centros.uepb.edu.br\/ccbsa\/files\/2015\/12\/futebol2-50x50.jpg 50w\" sizes=\"auto, (max-width: 150px) 100vw, 150px\" \/><\/a>Profissional da Para\u00edba, realizadas em Jo\u00e3o Pessoa e Campina Grande, nos meses de outubro e novembro de 2014, com a presen\u00e7a de profissionais do futebol regional e nacional, dirigentes dos clubes de futebol de todo o Estado, assim como formadores de atletas da base, cronistas esportivos, organiza\u00e7\u00f5es da sociedade civil e membros da seguran\u00e7a p\u00fablica.<\/p>\n<p>Dentre as diretrizes apresentadas no documento est\u00e3o: a reformula\u00e7\u00e3o do Estatuto da Federa\u00e7\u00e3o Paraibana de Futebol (FPF); a implanta\u00e7\u00e3o de um projeto de informatiza\u00e7\u00e3o e de transpar\u00eancia nos atos da FPF; cria\u00e7\u00e3o de um comit\u00ea gestor administrativo interinstitucional para o futebol paraibano; o incentivo para que os clubes profissionais do estado invistam e implantem programas de forma\u00e7\u00e3o de base; a recomenda\u00e7\u00e3o para que a FPF fortale\u00e7a o campeonato estadual sub-19, entre outras propostas.<\/p>\n<p>De acordo com o idealizador do projeto que resultou neste documento, professor Francisco de Assis Bezerra de Melo, a agenda sugere as diretrizes atrav\u00e9s de tr\u00eas eixos de a\u00e7\u00f5es visando o desenvolvimento do futebol paraibano. \u201cEmbora a iniciativa seja da UEPB, esse \u00e9 um projeto interinstitucional que envolve representantes de universidades do estado (UEPB, UFPB, Unip\u00ea, Maur\u00edcio de Nassau e Facisa), desportistas, cronistas esportivos, dirigentes de clube e organiza\u00e7\u00f5es da sociedade civil, em torno de um \u00fanico ideal que \u00e9 a sugest\u00e3o de iniciativas a serem implementadas para a supera\u00e7\u00e3o de crises e melhoria no cen\u00e1rio do futebol da Para\u00edba.<\/p>\n","protected":false},"excerpt":{"rendered":"<p>Apresentar eixos que possam nortear o gerenciamento do futebol na Para\u00edba at\u00e9 2019, esse \u00e9 o principal objetivo da agenda de gest\u00e3o do futebol paraibano, rec\u00e9m lan\u00e7ada nas cidades de Campina Grande e Jo\u00e3o Pessoa e dispon\u00edvel para os interessados na secretaria do Centro de Ci\u00eancias Biol\u00f3gicas e Sociais Aplicadas (CCBSA) da Universidade Estadual da <a class=\"leiamais\" href=\"https:\/\/centros.uepb.edu.br\/ccbsa\/agenda-de-gestao-do-futebol-paraibano-e-lancada-e-esta-disponivel-aos-interessados\/\">Leia Mais&#8230;<\/a><\/p>\n","protected":false},"author":8,"featured_media":2481,"comment_status":"closed","ping_status":"closed","sticky":false,"template":"","format":"standard","meta":{"footnotes":""},"categories":[6],"tags":[],"class_list":["post-2533","post","type-post","status-publish","format-standard","has-post-thumbnail","hentry","category-slide"],"jetpack_featured_media_url":"https:\/\/centros.uepb.edu.br\/ccbsa\/files\/2015\/11\/FUTEBOL.jpg","_links":{"self":[{"href":"https:\/\/centros.uepb.edu.br\/ccbsa\/wp-json\/wp\/v2\/posts\/2533","targetHints":{"allow":["GET"]}}],"collection":[{"href":"https:\/\/centros.uepb.edu.br\/ccbsa\/wp-json\/wp\/v2\/posts"}],"about":[{"href":"https:\/\/centros.uepb.edu.br\/ccbsa\/wp-json\/wp\/v2\/types\/post"}],"author":[{"embeddable":true,"href":"https:\/\/centros.uepb.edu.br\/ccbsa\/wp-json\/wp\/v2\/users\/8"}],"replies":[{"embeddable":true,"href":"https:\/\/centros.uepb.edu.br\/ccbsa\/wp-json\/wp\/v2\/comments?post=2533"}],"version-history":[{"count":0,"href":"https:\/\/centros.uepb.edu.br\/ccbsa\/wp-json\/wp\/v2\/posts\/2533\/revisions"}],"wp:featuredmedia":[{"embeddable":true,"href":"https:\/\/centros.uepb.edu.br\/ccbsa\/wp-json\/wp\/v2\/media\/2481"}],"wp:attachment":[{"href":"https:\/\/centros.uepb.edu.br\/ccbsa\/wp-json\/wp\/v2\/media?parent=2533"}],"wp:term":[{"taxonomy":"category","embeddable":true,"href":"https:\/\/centros.uepb.edu.br\/ccbsa\/wp-json\/wp\/v2\/categories?post=2533"},{"taxonomy":"post_tag","embeddable":true,"href":"https:\/\/centros.uepb.edu.br\/ccbsa\/wp-json\/wp\/v2\/tags?post=2533"}],"curies":[{"name":"wp","href":"https:\/\/api.w.org\/{rel}","templated":true}]}}