{"id":2527,"date":"2015-12-11T11:39:16","date_gmt":"2015-12-11T11:39:16","guid":{"rendered":"https:\/\/centros.uepb.edu.br\/ccbsa\/?p=2527"},"modified":"2015-12-11T11:39:16","modified_gmt":"2015-12-11T11:39:16","slug":"pro-reitoria-de-graduacao-informa-sobre-calendario-de-matriculas-para-alunos-veteranos-da-uepb","status":"publish","type":"post","link":"https:\/\/centros.uepb.edu.br\/ccbsa\/pro-reitoria-de-graduacao-informa-sobre-calendario-de-matriculas-para-alunos-veteranos-da-uepb\/","title":{"rendered":"Pr\u00f3-Reitoria de Gradua\u00e7\u00e3o informa sobre calend\u00e1rio de matr\u00edculas para alunos veteranos da UEPB"},"content":{"rendered":"<p>A Universidade Estadual da Para\u00edba (UEPB), atrav\u00e9s da Pr\u00f3-Reitoria de Gradua\u00e7\u00e3o (PROGRAD), informa a comunidade acad\u00eamica que a matr\u00edculas dos alunos veteranos do campus V ser\u00e3o realizadas por via online no dia 17 de dezembro, ficando o dia 19 de dezembro destinado \u00e0 matr\u00edcula dos retardat\u00e1rios.<\/p>\n<p>O reajuste de matr\u00edcula poder\u00e1 ser efetuado nas coordena\u00e7\u00f5es de cursos de 25 de janeiro a 12 de fevereiro. E o trancamento da matr\u00edcula 2015.2 para alunos veteranos est\u00e1 programado para ser feito de 25 de janeiro a 26 de fevereiro.<\/p>\n","protected":false},"excerpt":{"rendered":"<p>A Universidade Estadual da Para\u00edba (UEPB), atrav\u00e9s da Pr\u00f3-Reitoria de Gradua\u00e7\u00e3o (PROGRAD), informa a comunidade acad\u00eamica que a matr\u00edculas dos alunos veteranos do campus V ser\u00e3o realizadas por via online no dia 17 de dezembro, ficando o dia 19 de dezembro destinado \u00e0 matr\u00edcula dos retardat\u00e1rios. O reajuste de matr\u00edcula poder\u00e1 ser efetuado nas coordena\u00e7\u00f5es <a class=\"leiamais\" href=\"https:\/\/centros.uepb.edu.br\/ccbsa\/pro-reitoria-de-graduacao-informa-sobre-calendario-de-matriculas-para-alunos-veteranos-da-uepb\/\">Leia Mais&#8230;<\/a><\/p>\n","protected":false},"author":8,"featured_media":0,"comment_status":"closed","ping_status":"closed","sticky":false,"template":"","format":"standard","meta":{"footnotes":""},"categories":[3,5],"tags":[],"class_list":["post-2527","post","type-post","status-publish","format-standard","hentry","category-noticias","category-visiveis"],"jetpack_featured_media_url":"","_links":{"self":[{"href":"https:\/\/centros.uepb.edu.br\/ccbsa\/wp-json\/wp\/v2\/posts\/2527","targetHints":{"allow":["GET"]}}],"collection":[{"href":"https:\/\/centros.uepb.edu.br\/ccbsa\/wp-json\/wp\/v2\/posts"}],"about":[{"href":"https:\/\/centros.uepb.edu.br\/ccbsa\/wp-json\/wp\/v2\/types\/post"}],"author":[{"embeddable":true,"href":"https:\/\/centros.uepb.edu.br\/ccbsa\/wp-json\/wp\/v2\/users\/8"}],"replies":[{"embeddable":true,"href":"https:\/\/centros.uepb.edu.br\/ccbsa\/wp-json\/wp\/v2\/comments?post=2527"}],"version-history":[{"count":0,"href":"https:\/\/centros.uepb.edu.br\/ccbsa\/wp-json\/wp\/v2\/posts\/2527\/revisions"}],"wp:attachment":[{"href":"https:\/\/centros.uepb.edu.br\/ccbsa\/wp-json\/wp\/v2\/media?parent=2527"}],"wp:term":[{"taxonomy":"category","embeddable":true,"href":"https:\/\/centros.uepb.edu.br\/ccbsa\/wp-json\/wp\/v2\/categories?post=2527"},{"taxonomy":"post_tag","embeddable":true,"href":"https:\/\/centros.uepb.edu.br\/ccbsa\/wp-json\/wp\/v2\/tags?post=2527"}],"curies":[{"name":"wp","href":"https:\/\/api.w.org\/{rel}","templated":true}]}}