{"id":2506,"date":"2015-12-04T11:58:31","date_gmt":"2015-12-04T11:58:31","guid":{"rendered":"https:\/\/centros.uepb.edu.br\/ccbsa\/?p=2506"},"modified":"2015-12-04T14:14:32","modified_gmt":"2015-12-04T14:14:32","slug":"estudante-da-uepb-representa-o-brasil-em-forum-da-unesco-e-participa-de-selecao-de-estagio-na-oea","status":"publish","type":"post","link":"https:\/\/centros.uepb.edu.br\/ccbsa\/estudante-da-uepb-representa-o-brasil-em-forum-da-unesco-e-participa-de-selecao-de-estagio-na-oea\/","title":{"rendered":"Estudante da UEPB representa o Brasil em F\u00f3rum da Unesco e participa de sele\u00e7\u00e3o de est\u00e1gio na OEA"},"content":{"rendered":"<p><a href=\"https:\/\/centros.uepb.edu.br\/ccbsa\/files\/2015\/12\/FOTO-EVENTO-ONU.jpg\"><img loading=\"lazy\" decoding=\"async\" class=\"alignleft size-thumbnail wp-image-2507 img-responsive\" src=\"https:\/\/centros.uepb.edu.br\/ccbsa\/files\/2015\/12\/FOTO-EVENTO-ONU-150x150.jpg\" alt=\"FOTO EVENTO ONU\" width=\"150\" height=\"150\" srcset=\"https:\/\/centros.uepb.edu.br\/ccbsa\/files\/2015\/12\/FOTO-EVENTO-ONU-150x150.jpg 150w, https:\/\/centros.uepb.edu.br\/ccbsa\/files\/2015\/12\/FOTO-EVENTO-ONU-50x50.jpg 50w\" sizes=\"auto, (max-width: 150px) 100vw, 150px\" \/><\/a>\u201cSer um centro qualificado de Ensino, Pesquisa e Extens\u00e3o, atrav\u00e9s de a\u00e7\u00f5es que contribuam para a forma\u00e7\u00e3o de cidad\u00e3os tecnicamente qualificados, cr\u00edticos e socialmente comprometidos\u201d, essa \u00e9 a vis\u00e3o da Universidade Estadual da Para\u00edba, que ganha vida na experi\u00eancia de estudantes como a graduanda do 7\u00ba per\u00edodo em Rela\u00e7\u00f5es Internacionais do Campus V Ana Cristina Fonseca, selecionada entre 70 inscritos de todo o Brasil para integrar a delega\u00e7\u00e3o brasileira no 9th UNESCO Youth Forum, realizado na cidade de Paris, nos dias 26,27 e 28 de outubro desse ano e pr\u00e9-selecionada para participar do programa de est\u00e1gios na Organiza\u00e7\u00e3o dos Estados Americanos (OEA) do Uruguai.<\/p>\n<p>Ap\u00f3s um criterioso processo avaliativo que contou com mais de 70 inscritos, de diferentes estados brasileiros, a estudante Ana Cristina foi selecionada pelo programa Diplomacia Civil com outros quatro jovens para compor a delega\u00e7\u00e3o brasileira da 9\u00aa edi\u00e7\u00e3o do UNESCO Youth Forum 2015, evento com foco na educa\u00e7\u00e3o e no desenvolvimento sustent\u00e1vel. Na oportunidade, os participantes puderam participar de reuni\u00f5es com l\u00edderes mundiais, propondo desafios e solu\u00e7\u00f5es pr\u00e1ticas para importantes temas da agenda internacional.<\/p>\n<p>\u201cO evento foi bastante enriquecedor tanto para a minha vida acad\u00eamica quanto futura carreira profissional. Durante as sess\u00f5es de discuss\u00e3o, tive a oportunidade de aplicar os conhecimentos que foram adquiridos em sala de aula, al\u00e9m de presenciar diferentes pontos de vista sobre os mais variados assuntos. Estar inserida em um ambiente multicultural foi, sem d\u00favida, uma experi\u00eancia marcante e \u00fanica. Retornei de Paris com a certeza de que muito foi aprendido, mas que ainda existe um longo caminho a ser percorrido.\u201d, avaliou Ana Cristina.<\/p>\n<p>Logo ap\u00f3s a sele\u00e7\u00e3o da UNESCO a estudante da UEPB tomou conhecimento do\u00a0 programa de est\u00e1gios da Organiza\u00e7\u00e3o dos Estados Americanos (OEA) e enviou o curr\u00edculo, tr\u00eas cartas de recomenda\u00e7\u00e3o e uma de motiva\u00e7\u00e3o pessoal para participar da sele\u00e7\u00e3o, sendo, posteriormente, pr\u00e9-selecionada e convidada a realizar uma entrevista. Ana Cristina aguarda agora o resultado final da sele\u00e7\u00e3o e planeja cursar p\u00f3s-gradua\u00e7\u00e3o e seguir uma carreira diplom\u00e1tica no futuro.<\/p>\n<p>\u201cComo estava buscando uma experi\u00eancia pr\u00e1tica na \u00e1rea de Rela\u00e7\u00f5es Internacionais e havia come\u00e7ado a estudar recentemente o Sistema Interamericano de Direitos Humanos, achei por bem concorrer a uma vaga de est\u00e1gio no programa de est\u00e1gios na OEA do Uruguai. Enquanto aguardo o resultado da sele\u00e7\u00e3o me preparo para come\u00e7ar o s\u00e9timo per\u00edodo de Rela\u00e7\u00f5es Internacionais no ano que vem. Acredito que, muito provavelmente, vou desenvolver o meu TCC na \u00e1rea de seguran\u00e7a. Quanto aos planos ap\u00f3s a gradua\u00e7\u00e3o, pretendo fazer mestrado\/doutorado, na \u00e1rea da minha gradua\u00e7\u00e3o para, futuramente, pensar em uma carreira diplom\u00e1tica\u201d, planeja Ana Cristina.<\/p>\n<p>O coordenador da gradua\u00e7\u00e3o em Rela\u00e7\u00f5es Internacionais, professor Filipe Reis, destacou que a dedica\u00e7\u00e3o e o empenho de Ana Cristina associados \u00e0 qualidade do corpo docente do curso foram preponderantes para que a jovem conseguisse se destacar e tra\u00e7ar uma trajet\u00f3ria de sucesso. \u201cEssas s\u00e3o conquistas importantes dessa aluna que sempre se destacou com CRE acima de 9, n\u00e3o tem nenhuma reprova\u00e7\u00e3o, participa ativamente dos eventos do curso, participou do Programa de Inicia\u00e7\u00e3o Cient\u00edfica, ou seja, ela assumiu uma postura proativa, foi al\u00e9m das obriga\u00e7\u00f5es de estudante e isso trouxe tais resultados. Por outro lado n\u00e3o podemos deixar de lembrar que o quadro de docentes qualificados do curso de Rela\u00e7\u00f5es Internacionais colaborou com essa forma\u00e7\u00e3o e tem uma parcela de participa\u00e7\u00e3o nessas conquistas\u201d, avaliou o professor Filipe.<\/p>\n","protected":false},"excerpt":{"rendered":"<p>\u201cSer um centro qualificado de Ensino, Pesquisa e Extens\u00e3o, atrav\u00e9s de a\u00e7\u00f5es que contribuam para a forma\u00e7\u00e3o de cidad\u00e3os tecnicamente qualificados, cr\u00edticos e socialmente comprometidos\u201d, essa \u00e9 a vis\u00e3o da Universidade Estadual da Para\u00edba, que ganha vida na experi\u00eancia de estudantes como a graduanda do 7\u00ba per\u00edodo em Rela\u00e7\u00f5es Internacionais do Campus V Ana Cristina <a class=\"leiamais\" href=\"https:\/\/centros.uepb.edu.br\/ccbsa\/estudante-da-uepb-representa-o-brasil-em-forum-da-unesco-e-participa-de-selecao-de-estagio-na-oea\/\">Leia Mais&#8230;<\/a><\/p>\n","protected":false},"author":8,"featured_media":0,"comment_status":"closed","ping_status":"closed","sticky":false,"template":"","format":"standard","meta":{"footnotes":""},"categories":[3,5],"tags":[],"class_list":["post-2506","post","type-post","status-publish","format-standard","hentry","category-noticias","category-visiveis"],"jetpack_featured_media_url":"","_links":{"self":[{"href":"https:\/\/centros.uepb.edu.br\/ccbsa\/wp-json\/wp\/v2\/posts\/2506","targetHints":{"allow":["GET"]}}],"collection":[{"href":"https:\/\/centros.uepb.edu.br\/ccbsa\/wp-json\/wp\/v2\/posts"}],"about":[{"href":"https:\/\/centros.uepb.edu.br\/ccbsa\/wp-json\/wp\/v2\/types\/post"}],"author":[{"embeddable":true,"href":"https:\/\/centros.uepb.edu.br\/ccbsa\/wp-json\/wp\/v2\/users\/8"}],"replies":[{"embeddable":true,"href":"https:\/\/centros.uepb.edu.br\/ccbsa\/wp-json\/wp\/v2\/comments?post=2506"}],"version-history":[{"count":0,"href":"https:\/\/centros.uepb.edu.br\/ccbsa\/wp-json\/wp\/v2\/posts\/2506\/revisions"}],"wp:attachment":[{"href":"https:\/\/centros.uepb.edu.br\/ccbsa\/wp-json\/wp\/v2\/media?parent=2506"}],"wp:term":[{"taxonomy":"category","embeddable":true,"href":"https:\/\/centros.uepb.edu.br\/ccbsa\/wp-json\/wp\/v2\/categories?post=2506"},{"taxonomy":"post_tag","embeddable":true,"href":"https:\/\/centros.uepb.edu.br\/ccbsa\/wp-json\/wp\/v2\/tags?post=2506"}],"curies":[{"name":"wp","href":"https:\/\/api.w.org\/{rel}","templated":true}]}}