{"id":2498,"date":"2015-11-30T13:59:50","date_gmt":"2015-11-30T13:59:50","guid":{"rendered":"https:\/\/centros.uepb.edu.br\/ccbsa\/?p=2498"},"modified":"2015-12-10T12:24:05","modified_gmt":"2015-12-10T12:24:05","slug":"nucleo-de-linguas-do-campus-v-divulga-datas-de-matriculas-para-novatos-e-veteranos-2","status":"publish","type":"post","link":"https:\/\/centros.uepb.edu.br\/ccbsa\/nucleo-de-linguas-do-campus-v-divulga-datas-de-matriculas-para-novatos-e-veteranos-2\/","title":{"rendered":"N\u00facleo de l\u00ednguas do Campus V realiza matr\u00edculas para novatos at\u00e9 esta sexta-feira (11)"},"content":{"rendered":"<p><a href=\"https:\/\/centros.uepb.edu.br\/ccbsa\/files\/2015\/11\/DSCF0151.jpg\" rel=\"attachment wp-att-2525\"><img loading=\"lazy\" decoding=\"async\" class=\"alignleft size-thumbnail wp-image-2525 img-responsive\" src=\"https:\/\/centros.uepb.edu.br\/ccbsa\/files\/2015\/11\/DSCF0151-150x150.jpg\" alt=\"DSCF0151\" width=\"150\" height=\"150\" srcset=\"https:\/\/centros.uepb.edu.br\/ccbsa\/files\/2015\/11\/DSCF0151-150x150.jpg 150w, https:\/\/centros.uepb.edu.br\/ccbsa\/files\/2015\/11\/DSCF0151-50x50.jpg 50w\" sizes=\"auto, (max-width: 150px) 100vw, 150px\" \/><\/a>O N\u00facleo de L\u00ednguas do Campus V da Universidade Estadual da Para\u00edba, em Jo\u00e3o Pessoa, realiza, at\u00e9 esta sexta-feira, 11 de dezembro, das 7h30 \u00e0s 12h30, a matr\u00edcula nos cursos de idiomas ofertados no local.<\/p>\n<p>Ap\u00f3s o per\u00edodo de matr\u00edculas, no dia 11 de novembro \u00e0s 8h30, ser\u00e1 realizada uma prova de nivelamento para os estudantes que j\u00e1 tenham algum conhecimento no idioma do curso, para que saibam em que est\u00e1gio da forma\u00e7\u00e3o ir\u00e3o se enquadrar.<\/p>\n<p>O N\u00facleo de L\u00ednguas do Campus V conta com cursos de\u00a0 l\u00edngua portuguesa, inglesa, francesa e espanhola oferecidos nos tr\u00eas turnos, de segunda \u00e0 sexta feira. As matr\u00edculas s\u00e3o realizadas na secretaria do setor que funciona \u00e0 Rua Hor\u00e1cio Trajano de Oliveira, s\/n, Cristo, Jo\u00e3o Pessoa.<\/p>\n<p>Outras informa\u00e7\u00f5es: (83) 3223- 1128 (ramal:214)<\/p>\n","protected":false},"excerpt":{"rendered":"<p>O N\u00facleo de L\u00ednguas do Campus V da Universidade Estadual da Para\u00edba, em Jo\u00e3o Pessoa, realiza, at\u00e9 esta sexta-feira, 11 de dezembro, das 7h30 \u00e0s 12h30, a matr\u00edcula nos cursos de idiomas ofertados no local. Ap\u00f3s o per\u00edodo de matr\u00edculas, no dia 11 de novembro \u00e0s 8h30, ser\u00e1 realizada uma prova de nivelamento para os <a class=\"leiamais\" href=\"https:\/\/centros.uepb.edu.br\/ccbsa\/nucleo-de-linguas-do-campus-v-divulga-datas-de-matriculas-para-novatos-e-veteranos-2\/\">Leia Mais&#8230;<\/a><\/p>\n","protected":false},"author":8,"featured_media":791,"comment_status":"closed","ping_status":"closed","sticky":false,"template":"","format":"standard","meta":{"footnotes":""},"categories":[3,5],"tags":[],"class_list":["post-2498","post","type-post","status-publish","format-standard","has-post-thumbnail","hentry","category-noticias","category-visiveis"],"jetpack_featured_media_url":"https:\/\/centros.uepb.edu.br\/ccbsa\/files\/2013\/08\/945423_133332960192680_698538821_n.jpg","_links":{"self":[{"href":"https:\/\/centros.uepb.edu.br\/ccbsa\/wp-json\/wp\/v2\/posts\/2498","targetHints":{"allow":["GET"]}}],"collection":[{"href":"https:\/\/centros.uepb.edu.br\/ccbsa\/wp-json\/wp\/v2\/posts"}],"about":[{"href":"https:\/\/centros.uepb.edu.br\/ccbsa\/wp-json\/wp\/v2\/types\/post"}],"author":[{"embeddable":true,"href":"https:\/\/centros.uepb.edu.br\/ccbsa\/wp-json\/wp\/v2\/users\/8"}],"replies":[{"embeddable":true,"href":"https:\/\/centros.uepb.edu.br\/ccbsa\/wp-json\/wp\/v2\/comments?post=2498"}],"version-history":[{"count":0,"href":"https:\/\/centros.uepb.edu.br\/ccbsa\/wp-json\/wp\/v2\/posts\/2498\/revisions"}],"wp:featuredmedia":[{"embeddable":true,"href":"https:\/\/centros.uepb.edu.br\/ccbsa\/wp-json\/wp\/v2\/media\/791"}],"wp:attachment":[{"href":"https:\/\/centros.uepb.edu.br\/ccbsa\/wp-json\/wp\/v2\/media?parent=2498"}],"wp:term":[{"taxonomy":"category","embeddable":true,"href":"https:\/\/centros.uepb.edu.br\/ccbsa\/wp-json\/wp\/v2\/categories?post=2498"},{"taxonomy":"post_tag","embeddable":true,"href":"https:\/\/centros.uepb.edu.br\/ccbsa\/wp-json\/wp\/v2\/tags?post=2498"}],"curies":[{"name":"wp","href":"https:\/\/api.w.org\/{rel}","templated":true}]}}