{"id":2484,"date":"2015-11-25T13:42:45","date_gmt":"2015-11-25T13:42:45","guid":{"rendered":"https:\/\/centros.uepb.edu.br\/ccbsa\/?p=2484"},"modified":"2015-11-25T13:45:59","modified_gmt":"2015-11-25T13:45:59","slug":"projeto-do-ccbsa-voltado-a-catadores-de-materiais-reciclaveis-realiza-visita-tecnica-com-representante-do-ministerio-do-trabalho","status":"publish","type":"post","link":"https:\/\/centros.uepb.edu.br\/ccbsa\/projeto-do-ccbsa-voltado-a-catadores-de-materiais-reciclaveis-realiza-visita-tecnica-com-representante-do-ministerio-do-trabalho\/","title":{"rendered":"Projeto voltado a catadores de materiais recicl\u00e1veis realiza visita t\u00e9cnica e prorroga atividades"},"content":{"rendered":"<p><a href=\"https:\/\/centros.uepb.edu.br\/ccbsa\/files\/2015\/11\/DSCF0113.jpg\"><img loading=\"lazy\" decoding=\"async\" class=\"alignleft size-thumbnail wp-image-2485 img-responsive\" src=\"https:\/\/centros.uepb.edu.br\/ccbsa\/files\/2015\/11\/DSCF0113-150x150.jpg\" alt=\"DSCF0113\" width=\"150\" height=\"150\" srcset=\"https:\/\/centros.uepb.edu.br\/ccbsa\/files\/2015\/11\/DSCF0113-150x150.jpg 150w, https:\/\/centros.uepb.edu.br\/ccbsa\/files\/2015\/11\/DSCF0113-50x50.jpg 50w\" sizes=\"auto, (max-width: 150px) 100vw, 150px\" \/><\/a>O projeto de extens\u00e3o \u201cMobiliza\u00e7\u00e3o, inclus\u00e3o e forma\u00e7\u00e3o de catadores\/as de materiais recicl\u00e1veis da cidade de Jo\u00e3o Pessoa: uma experi\u00eancia necess\u00e1ria\u201d, vinculado ao Centro de Biol\u00f3gicas e Sociais Aplicadas (CCBSA) da Universidade Estadual da Para\u00edba (UEPB) e financiado pelo Minist\u00e9rio do Trabalho e pela Secretaria de Economia Solid\u00e1ria do Governo Federal, realizou, na tarde desta ter\u00e7a-feira (24), uma visita t\u00e9cnica com o representante da Superintend\u00eancia Regional do Trabalho, Ant\u00f4nio Grilo, \u00e0 cooperativa Acordo Verde, localizada no Jardim Cidade Universit\u00e1ria.<\/p>\n<p>Al\u00e9m do representante do Minist\u00e9rio do Trabalho, a visita contou <a href=\"https:\/\/centros.uepb.edu.br\/ccbsa\/files\/2015\/11\/DSCF0139.jpg\"><img loading=\"lazy\" decoding=\"async\" class=\"alignright size-thumbnail wp-image-2486 img-responsive\" src=\"https:\/\/centros.uepb.edu.br\/ccbsa\/files\/2015\/11\/DSCF0139-150x150.jpg\" alt=\"DSCF0139\" width=\"150\" height=\"150\" srcset=\"https:\/\/centros.uepb.edu.br\/ccbsa\/files\/2015\/11\/DSCF0139-150x150.jpg 150w, https:\/\/centros.uepb.edu.br\/ccbsa\/files\/2015\/11\/DSCF0139-50x50.jpg 50w\" sizes=\"auto, (max-width: 150px) 100vw, 150px\" \/><\/a>com a presen\u00e7a da coordenadora do projeto, professora F\u00e1tima Ara\u00fajo, e da docente do Campus V Jacqueline Echeverr\u00eda Barrancos, que atua como consultora nesta iniciativa e dever\u00e1 apoiar a cooperativa na elabora\u00e7\u00e3o de um plano de neg\u00f3cios.<\/p>\n<p>O referido projeto \u00e9 realizado desde 2013 voltado \u00e0 identifica\u00e7\u00e3o, sensibiliza\u00e7\u00e3o, mobiliza\u00e7\u00e3o, forma\u00e7\u00e3o e inclus\u00e3o em associa\u00e7\u00f5es e cooperativas de catadores de toda a Jo\u00e3o Pessoa, desenvolvendo atividades de encuba\u00e7\u00e3o, assist\u00eancia t\u00e9cnica e nuclea\u00e7\u00e3o. As a\u00e7\u00f5es t\u00eam o intuito de fortalecer a participa\u00e7\u00e3o pol\u00edtica dos catadores incrementando a renda, adequando suas atividades \u00e0s normas de sa\u00fade e seguran\u00e7a no trabalho, inserindo-os em pol\u00edticas sociais, entre outros benef\u00edcios. A previs\u00e3o inicial de finaliza\u00e7\u00e3o do projeto era em 2015, por\u00e9m, devido aos resultados positivos j\u00e1 alcan\u00e7ados a iniciativa foi prorrogada at\u00e9 dezembro de 2016.<\/p>\n<p>\u201cJ\u00e1 contabilizamos a identifica\u00e7\u00e3o e cadastro de mais de 700 catadores, 30% destes organizados e 70% avulsos. Tamb\u00e9m realizamos oficinas de reciclagem, interc\u00e2mbios com cooperativas da cidade de Jo\u00e3o Pessoa e Santa Rita, organizamos a participa\u00e7\u00e3o dos catadores em eventos, montamos a estrutura e articulamos junto a parceiros aulas de alfabetiza\u00e7\u00e3o e letramento, entre outras a\u00e7\u00f5es que visam proporcionar melhores condi\u00e7\u00f5es de trabalho e de vida para a popula\u00e7\u00e3o atendida pelo nosso projeto\u201d, avalia a professora F\u00e1tima Ara\u00fajo.<\/p>\n<p>Durante a visita t\u00e9cnica o presidente da cooperativa Acordo Verde, Rodrigo Gomes, destacou a import\u00e2ncia das a\u00e7\u00f5es realizadas pelo projeto da UEPB para que os catadores de materiais recicl\u00e1veis possam ser melhor orientados para a realiza\u00e7\u00e3o do trabalho e para que possam vislumbrar novos horizontes n\u00e3o s\u00f3 no ambiente de trabalho mas na trajet\u00f3ria de vida.<\/p>\n<p>\u201cPrecis\u00e1vamos dessa orienta\u00e7\u00e3o para saber como realizar o nosso trabalho de forma correta mas, tamb\u00e9m tivemos conquistas para a nossa vida, muitos de n\u00f3s n\u00e3o sabiam nem escrever o pr\u00f3prio nome e agora est\u00e3o aprendendo a ler e escrever, uma grande alegria\u201d, comemora emocionado Rodrigo Gomes.<\/p>\n<p>Dentre as pr\u00f3ximas a\u00e7\u00f5es do projeto est\u00e1 a realiza\u00e7\u00e3o de mais uma forma\u00e7\u00e3o voltada aos catadores e, posteriormente, ser\u00e1 elaborado o plano de neg\u00f3cios, com metas de execu\u00e7\u00e3o das atividades com a finalidade de organizar o neg\u00f3cio formalmente.<\/p>\n","protected":false},"excerpt":{"rendered":"<p>O projeto de extens\u00e3o \u201cMobiliza\u00e7\u00e3o, inclus\u00e3o e forma\u00e7\u00e3o de catadores\/as de materiais recicl\u00e1veis da cidade de Jo\u00e3o Pessoa: uma experi\u00eancia necess\u00e1ria\u201d, vinculado ao Centro de Biol\u00f3gicas e Sociais Aplicadas (CCBSA) da Universidade Estadual da Para\u00edba (UEPB) e financiado pelo Minist\u00e9rio do Trabalho e pela Secretaria de Economia Solid\u00e1ria do Governo Federal, realizou, na tarde desta <a class=\"leiamais\" href=\"https:\/\/centros.uepb.edu.br\/ccbsa\/projeto-do-ccbsa-voltado-a-catadores-de-materiais-reciclaveis-realiza-visita-tecnica-com-representante-do-ministerio-do-trabalho\/\">Leia Mais&#8230;<\/a><\/p>\n","protected":false},"author":8,"featured_media":2485,"comment_status":"closed","ping_status":"closed","sticky":false,"template":"","format":"standard","meta":{"footnotes":""},"categories":[6],"tags":[],"class_list":["post-2484","post","type-post","status-publish","format-standard","has-post-thumbnail","hentry","category-slide"],"jetpack_featured_media_url":"https:\/\/centros.uepb.edu.br\/ccbsa\/files\/2015\/11\/DSCF0113.jpg","_links":{"self":[{"href":"https:\/\/centros.uepb.edu.br\/ccbsa\/wp-json\/wp\/v2\/posts\/2484","targetHints":{"allow":["GET"]}}],"collection":[{"href":"https:\/\/centros.uepb.edu.br\/ccbsa\/wp-json\/wp\/v2\/posts"}],"about":[{"href":"https:\/\/centros.uepb.edu.br\/ccbsa\/wp-json\/wp\/v2\/types\/post"}],"author":[{"embeddable":true,"href":"https:\/\/centros.uepb.edu.br\/ccbsa\/wp-json\/wp\/v2\/users\/8"}],"replies":[{"embeddable":true,"href":"https:\/\/centros.uepb.edu.br\/ccbsa\/wp-json\/wp\/v2\/comments?post=2484"}],"version-history":[{"count":0,"href":"https:\/\/centros.uepb.edu.br\/ccbsa\/wp-json\/wp\/v2\/posts\/2484\/revisions"}],"wp:featuredmedia":[{"embeddable":true,"href":"https:\/\/centros.uepb.edu.br\/ccbsa\/wp-json\/wp\/v2\/media\/2485"}],"wp:attachment":[{"href":"https:\/\/centros.uepb.edu.br\/ccbsa\/wp-json\/wp\/v2\/media?parent=2484"}],"wp:term":[{"taxonomy":"category","embeddable":true,"href":"https:\/\/centros.uepb.edu.br\/ccbsa\/wp-json\/wp\/v2\/categories?post=2484"},{"taxonomy":"post_tag","embeddable":true,"href":"https:\/\/centros.uepb.edu.br\/ccbsa\/wp-json\/wp\/v2\/tags?post=2484"}],"curies":[{"name":"wp","href":"https:\/\/api.w.org\/{rel}","templated":true}]}}