{"id":2474,"date":"2015-11-23T14:21:02","date_gmt":"2015-11-23T14:21:02","guid":{"rendered":"https:\/\/centros.uepb.edu.br\/ccbsa\/?p=2474"},"modified":"2015-11-23T14:21:02","modified_gmt":"2015-11-23T14:21:02","slug":"uepb-define-calendario-academico-extraordinario-com-conclusao-do-periodo-2015-1-em-11-de-dezembro","status":"publish","type":"post","link":"https:\/\/centros.uepb.edu.br\/ccbsa\/uepb-define-calendario-academico-extraordinario-com-conclusao-do-periodo-2015-1-em-11-de-dezembro\/","title":{"rendered":"UEPB define calend\u00e1rio acad\u00eamico extraordin\u00e1rio com conclus\u00e3o do per\u00edodo 2015.1 em 11 de dezembro"},"content":{"rendered":"<p>Com o fim da greve dos professores e a retomada das aulas na pr\u00f3xima segunda-feira (23), a Universidade Estadual da Para\u00edba (UEPB), atrav\u00e9s da Pr\u00f3-Reitoria de Gradua\u00e7\u00e3o (PROGRAD), elaborou uma proposta de calend\u00e1rio acad\u00eamico extraordin\u00e1rio para garantir a conclus\u00e3o do per\u00edodo letivo 2015.1, bem como reestruturar os per\u00edodos 2015.2 e 2016\/1.<\/p>\n<p>Uma Resolu\u00e7\u00e3o <em>ad referendum<\/em> com a readequa\u00e7\u00e3o do ano letivo em virtude da paralisa\u00e7\u00e3o dos professores foi publicada pelo reitor Rangel Junior e, na pr\u00f3xima quarta-feira (25), o Conselho Superior de Ensino, Pesquisa e Extens\u00e3o (Consepe) se reunir\u00e1 em car\u00e1ter extraordin\u00e1rio para apreciar e votar a proposta do novo calend\u00e1rio acad\u00eamico.<\/p>\n<p>A proposta prev\u00ea, inicialmente, a complementa\u00e7\u00e3o do semestre 2015.1 no dia 11 de dezembro. Ao retornar as aulas na pr\u00f3xima segunda-feira, haver\u00e1 mais tr\u00eas semanas de aula, sendo que a primeira semana inclui a realiza\u00e7\u00e3o de atividades de revis\u00e3o e retomada dos conte\u00fados por parte dos professores. A segunda semana est\u00e1 reservada para os exames da segunda unidade e defesa dos Trabalhos de Conclus\u00f5es de Cursos (TCCs). A \u00faltima semana do per\u00edodo letivo ser\u00e1 dedicada para a realiza\u00e7\u00e3o dos exames finais e eventuais reposi\u00e7\u00f5es.<\/p>\n<p>No dia 12 de dezembro, encerra o prazo para os professores digitarem as notas e fazerem o registro das aulas no sistema acad\u00eamico. O per\u00edodo de 14 a 18 de dezembro ser\u00e1 destinado para o planejamento acad\u00eamico dos cursos, matr\u00edcula online dos veteranos, solicita\u00e7\u00e3o de mudan\u00e7a de c\u00e2mpus e reingresso para o per\u00edodo 2015\/2. No dia 17 ser\u00e1 realizada a Cola\u00e7\u00e3o de Grau Especial do per\u00edodo 2015.1 para os alunos que ficaram remanescentes da \u00faltima cola\u00e7\u00e3o.<\/p>\n<p>Na reuni\u00e3o extraordin\u00e1ria do Consepe, os conselheiros tamb\u00e9m v\u00e3o apreciar a proposta de normaliza\u00e7\u00e3o do calend\u00e1rio acad\u00eamico dos per\u00edodos 2015.2, 2016.1 e 2016\/2. De acordo com a proposta da PROGRAD, o semestre 2015.2 deve ter in\u00edcio no dia 25 de janeiro e se estender at\u00e9 o m\u00eas de maio. Por sua vez, o semestre 2061.1 deve come\u00e7ar no final de maio e seguir at\u00e9 outubro, quando come\u00e7ar\u00e1 o semestre letivo 2016\/2.<\/p>\n<p>A previs\u00e3o do professor Eli Brand\u00e3o, pr\u00f3-reitor de Gradua\u00e7\u00e3o, \u00e9 que todo o calend\u00e1rio s\u00f3 seja normalizado em 2018, uma vez que \u00e9 preciso haver um per\u00edodo de 15 a 20 dias entre um semestre e outro para preenchimento de vagas e processos seletivos como reingresso e transfer\u00eancias volunt\u00e1rias, al\u00e9m das matr\u00edculas. O pr\u00f3-reitor garantiu que a nova proposta obedece os 100 dias letivos exigidos pelo Minist\u00e9rio da Educa\u00e7\u00e3o e Cultura (MEC).<\/p>\n<p>\u201cDesta forma, n\u00e3o haver\u00e1 preju\u00edzos de conte\u00fado para os alunos, porque a Universidade n\u00e3o vai compactar semestres. Vamos realizar integralmente, conforme estabelece a Lei de Diretrizes e Bases (LDB) da Educa\u00e7\u00e3o, com o semestre cumprindo 100 dias no m\u00ednimo\u201d, destacou. Conforme Eli Brand\u00e3o, a Administra\u00e7\u00e3o Central est\u00e1 empenhada no sentido de garantir que os alunos n\u00e3o sejam prejudicados, mesmo com o calend\u00e1rio alterado.<\/p>\n<p>A mudan\u00e7a for\u00e7ada no calend\u00e1rio acad\u00eamico da UEPB, inevitavelmente provocar\u00e1 mudan\u00e7as no calend\u00e1rio administrativo. Nesse sentido, o reitor Rangel Junior vai convocar na pr\u00f3xima semana o Conselho Universit\u00e1rio (Consuni) para apresenta\u00e7\u00e3o e delibera\u00e7\u00e3o sobre a proposta do novo calend\u00e1rio administrativo.<\/p>\n<p>Confira o <a href=\"http:\/\/www.uepb.edu.br\/download\/resolucoes-consepe\/resolu%C3%A7%C3%B5es_consepe_-_2015\/075-2015%20CALEND%C3%81RIO%20UNIVERSIT%C3%81RIO%202015.1.pdf\" target=\"_blank\">calend\u00e1rio acad\u00eamico 2015.1<\/a>.<\/p>\n<p><strong>Texto:<\/strong> Severino Lopes<\/p>\n","protected":false},"excerpt":{"rendered":"<p>Com o fim da greve dos professores e a retomada das aulas na pr\u00f3xima segunda-feira (23), a Universidade Estadual da Para\u00edba (UEPB), atrav\u00e9s da Pr\u00f3-Reitoria de Gradua\u00e7\u00e3o (PROGRAD), elaborou uma proposta de calend\u00e1rio acad\u00eamico extraordin\u00e1rio para garantir a conclus\u00e3o do per\u00edodo letivo 2015.1, bem como reestruturar os per\u00edodos 2015.2 e 2016\/1. Uma Resolu\u00e7\u00e3o ad referendum <a class=\"leiamais\" href=\"https:\/\/centros.uepb.edu.br\/ccbsa\/uepb-define-calendario-academico-extraordinario-com-conclusao-do-periodo-2015-1-em-11-de-dezembro\/\">Leia Mais&#8230;<\/a><\/p>\n","protected":false},"author":8,"featured_media":0,"comment_status":"closed","ping_status":"closed","sticky":false,"template":"","format":"standard","meta":{"footnotes":""},"categories":[3,5],"tags":[],"class_list":["post-2474","post","type-post","status-publish","format-standard","hentry","category-noticias","category-visiveis"],"jetpack_featured_media_url":"","_links":{"self":[{"href":"https:\/\/centros.uepb.edu.br\/ccbsa\/wp-json\/wp\/v2\/posts\/2474","targetHints":{"allow":["GET"]}}],"collection":[{"href":"https:\/\/centros.uepb.edu.br\/ccbsa\/wp-json\/wp\/v2\/posts"}],"about":[{"href":"https:\/\/centros.uepb.edu.br\/ccbsa\/wp-json\/wp\/v2\/types\/post"}],"author":[{"embeddable":true,"href":"https:\/\/centros.uepb.edu.br\/ccbsa\/wp-json\/wp\/v2\/users\/8"}],"replies":[{"embeddable":true,"href":"https:\/\/centros.uepb.edu.br\/ccbsa\/wp-json\/wp\/v2\/comments?post=2474"}],"version-history":[{"count":0,"href":"https:\/\/centros.uepb.edu.br\/ccbsa\/wp-json\/wp\/v2\/posts\/2474\/revisions"}],"wp:attachment":[{"href":"https:\/\/centros.uepb.edu.br\/ccbsa\/wp-json\/wp\/v2\/media?parent=2474"}],"wp:term":[{"taxonomy":"category","embeddable":true,"href":"https:\/\/centros.uepb.edu.br\/ccbsa\/wp-json\/wp\/v2\/categories?post=2474"},{"taxonomy":"post_tag","embeddable":true,"href":"https:\/\/centros.uepb.edu.br\/ccbsa\/wp-json\/wp\/v2\/tags?post=2474"}],"curies":[{"name":"wp","href":"https:\/\/api.w.org\/{rel}","templated":true}]}}