{"id":2460,"date":"2015-11-17T12:35:25","date_gmt":"2015-11-17T12:35:25","guid":{"rendered":"https:\/\/centros.uepb.edu.br\/ccbsa\/?p=2460"},"modified":"2015-11-17T12:35:25","modified_gmt":"2015-11-17T12:35:25","slug":"racin-publica-nova-edicao-e-divulga-a-abertura-de-submissoes-para-o-proximo-exemplar","status":"publish","type":"post","link":"https:\/\/centros.uepb.edu.br\/ccbsa\/racin-publica-nova-edicao-e-divulga-a-abertura-de-submissoes-para-o-proximo-exemplar\/","title":{"rendered":"RACIn publica nova edi\u00e7\u00e3o e divulga a abertura de submiss\u00f5es para o pr\u00f3ximo exemplar"},"content":{"rendered":"<p><a href=\"https:\/\/centros.uepb.edu.br\/ccbsa\/files\/2015\/11\/RACIN21.jpg\"><img loading=\"lazy\" decoding=\"async\" class=\"alignleft size-thumbnail wp-image-2463 img-responsive\" src=\"https:\/\/centros.uepb.edu.br\/ccbsa\/files\/2015\/11\/RACIN21-150x150.jpg\" alt=\"RACIN2\" width=\"150\" height=\"150\" srcset=\"https:\/\/centros.uepb.edu.br\/ccbsa\/files\/2015\/11\/RACIN21-150x150.jpg 150w, https:\/\/centros.uepb.edu.br\/ccbsa\/files\/2015\/11\/RACIN21-50x50.jpg 50w\" sizes=\"auto, (max-width: 150px) 100vw, 150px\" \/><\/a>A Revista Analisando em Ci\u00eancia da Informa\u00e7\u00e3o (RACIn), que \u00e9 vinculada ao Centro de Ci\u00eancias Biol\u00f3gicas e Sociais Aplicadas (CCBSA) da Universidade Estadual da Para\u00edba, publicou o Volume 3, N\u00famero 2 do peri\u00f3dico cujo tema \u00e9 \u201cPensadores e Acesso \u00e0 Informa\u00e7\u00e3o em Ci\u00eancia da Informa\u00e7\u00e3o\u201d.<\/p>\n<p>Nesta edi\u00e7\u00e3o, o peri\u00f3dico conta com a publica\u00e7\u00e3o de quatro artigos de pesquisadores vinculados \u00e0s seguintes institui\u00e7\u00f5es: Escola de Ci\u00eancia da Informa\u00e7\u00e3o da Universidade Federal de Minas Gerais (UFMG), Funda\u00e7\u00e3o Nacional do \u00cdndio (FUNAI), Instituto Brasileiro de Informa\u00e7\u00e3o em Ci\u00eancia e Tecnologia (IBICT), Universidade Federal do Estado do Rio de Janeiro (UNIRIO) e Universidade Federal do Rio de Janeiro (UFRJ).<\/p>\n<p>Tamb\u00e9m est\u00e1 aberto, at\u00e9 o dia 15 de fevereiro de 2016, o prazo para submiss\u00e3o de trabalhos para publica\u00e7\u00e3o na RACIn. O material selecionado ser\u00e1 publicado na edi\u00e7\u00e3o de junho de 2016.\u00a0 S\u00e3o aceitas contribui\u00e7\u00f5es de professores, pesquisadores, doutores ou mestres em Ci\u00eancias da Informa\u00e7\u00e3o e \u00e1reas afins e, ainda, gestores de organiza\u00e7\u00f5es com contribui\u00e7\u00e3o relevante para a \u00e1rea em Ci\u00eancias da Informa\u00e7\u00e3o, desde que mantendo o di\u00e1logo na perspectiva da \u00e1rea principal, foco do peri\u00f3dico.<\/p>\n<p>No que se refere \u00e0s submiss\u00f5es de mestres e graduados a avalia\u00e7\u00e3o somente ocorrer\u00e1 se houver a coautoria com um doutor ou professor de uma Institui\u00e7\u00e3o de Ensino Superior. Podem ser enviados para submiss\u00e3o textos em portugu\u00eas, que sejam in\u00e9ditos no Brasil e que n\u00e3o estejam sendo avaliados para publica\u00e7\u00e3o em outro peri\u00f3dico.<br \/>\nA RACIn possui um car\u00e1ter interdisciplinar permitindo um di\u00e1logo direto com m\u00faltiplas \u00e1reas do conhecimento como a Administra\u00e7\u00e3o, Arquivologia, Biblioteconomia, Ci\u00eancia da Computa\u00e7\u00e3o, Comunica\u00e7\u00e3o, Direito, Filosofia, Hist\u00f3ria, Lingu\u00edstica, Museologia, Sociologia, entre outras.<\/p>\n<p>O objetivo do peri\u00f3dico \u00e9 divulgar os estudos e pesquisas relevantes de car\u00e1ter t\u00e9cnico-cient\u00edfico, no campo da Ci\u00eancia da Informa\u00e7\u00e3o contribuindo para a democratiza\u00e7\u00e3o de informa\u00e7\u00f5es acad\u00eamicas de gradua\u00e7\u00e3o, de p\u00f3s-gradua\u00e7\u00e3o e de a\u00e7\u00e3o administrativa. O corpo editorial \u00e9 composto por pesquisadores renomados da UEPB, UFPB, UFRJ, UFF, UNIRIO e USP.<\/p>\n<p>Recentemente, a RACIn recebeu a qualifica\u00e7\u00e3o B5 na plataforma Webqualis da Capes, que indica a qualidade dos artigos e produ\u00e7\u00f5es cient\u00edficas divulgados no peri\u00f3dico. Tamb\u00e9m foram realizadas algumas altera\u00e7\u00f5es nas regras para submiss\u00e3o relacionadas ao limite de autores; formato do resumo; limite no n\u00famero e formato para utiliza\u00e7\u00e3o das imagens digitais.<\/p>\n<p>Outras informa\u00e7\u00f5es: <a href=\"http:\/\/racin.arquivologiauepb.com.br\/\">http:\/\/racin.arquivologiauepb.com.br\/<\/a><\/p>\n","protected":false},"excerpt":{"rendered":"<p>A Revista Analisando em Ci\u00eancia da Informa\u00e7\u00e3o (RACIn), que \u00e9 vinculada ao Centro de Ci\u00eancias Biol\u00f3gicas e Sociais Aplicadas (CCBSA) da Universidade Estadual da Para\u00edba, publicou o Volume 3, N\u00famero 2 do peri\u00f3dico cujo tema \u00e9 \u201cPensadores e Acesso \u00e0 Informa\u00e7\u00e3o em Ci\u00eancia da Informa\u00e7\u00e3o\u201d. Nesta edi\u00e7\u00e3o, o peri\u00f3dico conta com a publica\u00e7\u00e3o de quatro <a class=\"leiamais\" href=\"https:\/\/centros.uepb.edu.br\/ccbsa\/racin-publica-nova-edicao-e-divulga-a-abertura-de-submissoes-para-o-proximo-exemplar\/\">Leia Mais&#8230;<\/a><\/p>\n","protected":false},"author":8,"featured_media":2462,"comment_status":"closed","ping_status":"closed","sticky":false,"template":"","format":"standard","meta":{"footnotes":""},"categories":[6],"tags":[],"class_list":["post-2460","post","type-post","status-publish","format-standard","has-post-thumbnail","hentry","category-slide"],"jetpack_featured_media_url":"https:\/\/centros.uepb.edu.br\/ccbsa\/files\/2015\/11\/RACIN3.jpg","_links":{"self":[{"href":"https:\/\/centros.uepb.edu.br\/ccbsa\/wp-json\/wp\/v2\/posts\/2460","targetHints":{"allow":["GET"]}}],"collection":[{"href":"https:\/\/centros.uepb.edu.br\/ccbsa\/wp-json\/wp\/v2\/posts"}],"about":[{"href":"https:\/\/centros.uepb.edu.br\/ccbsa\/wp-json\/wp\/v2\/types\/post"}],"author":[{"embeddable":true,"href":"https:\/\/centros.uepb.edu.br\/ccbsa\/wp-json\/wp\/v2\/users\/8"}],"replies":[{"embeddable":true,"href":"https:\/\/centros.uepb.edu.br\/ccbsa\/wp-json\/wp\/v2\/comments?post=2460"}],"version-history":[{"count":0,"href":"https:\/\/centros.uepb.edu.br\/ccbsa\/wp-json\/wp\/v2\/posts\/2460\/revisions"}],"wp:featuredmedia":[{"embeddable":true,"href":"https:\/\/centros.uepb.edu.br\/ccbsa\/wp-json\/wp\/v2\/media\/2462"}],"wp:attachment":[{"href":"https:\/\/centros.uepb.edu.br\/ccbsa\/wp-json\/wp\/v2\/media?parent=2460"}],"wp:term":[{"taxonomy":"category","embeddable":true,"href":"https:\/\/centros.uepb.edu.br\/ccbsa\/wp-json\/wp\/v2\/categories?post=2460"},{"taxonomy":"post_tag","embeddable":true,"href":"https:\/\/centros.uepb.edu.br\/ccbsa\/wp-json\/wp\/v2\/tags?post=2460"}],"curies":[{"name":"wp","href":"https:\/\/api.w.org\/{rel}","templated":true}]}}