{"id":2448,"date":"2015-11-13T11:02:21","date_gmt":"2015-11-13T11:02:21","guid":{"rendered":"https:\/\/centros.uepb.edu.br\/ccbsa\/?p=2448"},"modified":"2015-11-13T11:02:21","modified_gmt":"2015-11-13T11:02:21","slug":"biblioteca-informa-sobre-prorrogacao-do-prazo-para-devolucao-de-materiais-bibliograficos","status":"publish","type":"post","link":"https:\/\/centros.uepb.edu.br\/ccbsa\/biblioteca-informa-sobre-prorrogacao-do-prazo-para-devolucao-de-materiais-bibliograficos\/","title":{"rendered":"Biblioteca informa sobre prorroga\u00e7\u00e3o do prazo para devolu\u00e7\u00e3o de materiais bibliogr\u00e1ficos"},"content":{"rendered":"<p>Foi prorrogado, at\u00e9 o dia 30 de novembro, o prazo para que os alunos que est\u00e3o com materiais bibliogr\u00e1ficos emprestados devolvam tais materiais \u00e0 Biblioteca sem cobran\u00e7a de multa. Para atender essa demanda, durante o per\u00edodo da greve docente, a biblioteca do Campus V est\u00e1 funcionando em hor\u00e1rio especial das 7 \u00e0s 17h.<\/p>\n<p>Outras informa\u00e7\u00f5es: (83) 3223-1128\/3223-1138 &#8211; Ramal: 213.<\/p>\n","protected":false},"excerpt":{"rendered":"<p>Foi prorrogado, at\u00e9 o dia 30 de novembro, o prazo para que os alunos que est\u00e3o com materiais bibliogr\u00e1ficos emprestados devolvam tais materiais \u00e0 Biblioteca sem cobran\u00e7a de multa. Para atender essa demanda, durante o per\u00edodo da greve docente, a biblioteca do Campus V est\u00e1 funcionando em hor\u00e1rio especial das 7 \u00e0s 17h. Outras informa\u00e7\u00f5es: <a class=\"leiamais\" href=\"https:\/\/centros.uepb.edu.br\/ccbsa\/biblioteca-informa-sobre-prorrogacao-do-prazo-para-devolucao-de-materiais-bibliograficos\/\">Leia Mais&#8230;<\/a><\/p>\n","protected":false},"author":8,"featured_media":0,"comment_status":"closed","ping_status":"closed","sticky":false,"template":"","format":"standard","meta":{"footnotes":""},"categories":[3,5],"tags":[],"class_list":["post-2448","post","type-post","status-publish","format-standard","hentry","category-noticias","category-visiveis"],"jetpack_featured_media_url":"","_links":{"self":[{"href":"https:\/\/centros.uepb.edu.br\/ccbsa\/wp-json\/wp\/v2\/posts\/2448","targetHints":{"allow":["GET"]}}],"collection":[{"href":"https:\/\/centros.uepb.edu.br\/ccbsa\/wp-json\/wp\/v2\/posts"}],"about":[{"href":"https:\/\/centros.uepb.edu.br\/ccbsa\/wp-json\/wp\/v2\/types\/post"}],"author":[{"embeddable":true,"href":"https:\/\/centros.uepb.edu.br\/ccbsa\/wp-json\/wp\/v2\/users\/8"}],"replies":[{"embeddable":true,"href":"https:\/\/centros.uepb.edu.br\/ccbsa\/wp-json\/wp\/v2\/comments?post=2448"}],"version-history":[{"count":0,"href":"https:\/\/centros.uepb.edu.br\/ccbsa\/wp-json\/wp\/v2\/posts\/2448\/revisions"}],"wp:attachment":[{"href":"https:\/\/centros.uepb.edu.br\/ccbsa\/wp-json\/wp\/v2\/media?parent=2448"}],"wp:term":[{"taxonomy":"category","embeddable":true,"href":"https:\/\/centros.uepb.edu.br\/ccbsa\/wp-json\/wp\/v2\/categories?post=2448"},{"taxonomy":"post_tag","embeddable":true,"href":"https:\/\/centros.uepb.edu.br\/ccbsa\/wp-json\/wp\/v2\/tags?post=2448"}],"curies":[{"name":"wp","href":"https:\/\/api.w.org\/{rel}","templated":true}]}}