{"id":2444,"date":"2015-11-12T14:55:48","date_gmt":"2015-11-12T14:55:48","guid":{"rendered":"https:\/\/centros.uepb.edu.br\/ccbsa\/?p=2444"},"modified":"2015-11-12T14:55:48","modified_gmt":"2015-11-12T14:55:48","slug":"docente-do-campus-v-e-a-representante-paraibana-no-conselho-nacional-de-politica-cultural","status":"publish","type":"post","link":"https:\/\/centros.uepb.edu.br\/ccbsa\/docente-do-campus-v-e-a-representante-paraibana-no-conselho-nacional-de-politica-cultural\/","title":{"rendered":"Docente do Campus V \u00e9 a representante paraibana no Conselho Nacional de Pol\u00edtica Cultural"},"content":{"rendered":"<p><a href=\"https:\/\/centros.uepb.edu.br\/ccbsa\/files\/2015\/11\/IMG-20151110-WA0001.jpg\"><img loading=\"lazy\" decoding=\"async\" class=\"alignleft size-thumbnail wp-image-2445 img-responsive\" src=\"https:\/\/centros.uepb.edu.br\/ccbsa\/files\/2015\/11\/IMG-20151110-WA0001-150x150.jpg\" alt=\"IMG-20151110-WA0001\" width=\"150\" height=\"150\" \/><\/a>Ap\u00f3s a realiza\u00e7\u00e3o de uma elei\u00e7\u00e3o para a escolha de delegados regionais que ir\u00e3o participar do F\u00f3rum Nacional do Conselho Nacional de Pol\u00edtica Cultural (CNPC) vinculado ao Minist\u00e9rio da Cultura, a docente do curso de Arquivologia da Universidade Estadual da Para\u00edba, Esmeralda Porf\u00edrio Sales, foi uma das escolhidas, juntamente com Irani Rodrigues, como representante paraibana no f\u00f3rum, que ir\u00e1 discutir as pol\u00edticas culturais do Minist\u00e9rio da Cultura (MinC) e os desafios para a gest\u00e3o cultural do pa\u00eds nos pr\u00f3ximos anos,<\/p>\n<p>A docente integrar\u00e1 o grupo de 15 membros da sociedade civil de todo o pa\u00eds e 5 membros do Poder P\u00fablico, com seus respectivos suplentes, que comp\u00f5em o colegiado setorial voltado \u00e0 discuss\u00e3o de pol\u00edticas culturais de Arquivos, que se reunir\u00e1 de 17 a 20 de novembro em Bras\u00edlia.<\/p>\n<p>O CNPC possui 17 Colegiados Setoriais instalados nas seguintes \u00e1reas: Arquitetura e Urbanismo; Arquivos; Arte Digital; Artes Visuais; Artesanato; Circo; Culturas Afro-Brasileiras; Culturas dos Povos Ind\u00edgenas; Culturas populares; Dan\u00e7a; Design; Literatura; Livro e Leitura; Moda; M\u00fasica; Patrim\u00f4nio Imaterial; Patrim\u00f4nio Material; e Teatro. Essas inst\u00e2ncias t\u00eam por atribui\u00e7\u00e3o debater, analisar, acompanhar, solicitar informa\u00e7\u00f5es e fornecer subs\u00eddios ao CNPC para a defini\u00e7\u00e3o de pol\u00edticas, diretrizes e estrat\u00e9gias dos respectivos setores culturais.<\/p>\n<p>O MinC arcar\u00e1 com todos os custos de passagens e hospedagens dos delegados eleitos.<\/p>\n","protected":false},"excerpt":{"rendered":"<p>Ap\u00f3s a realiza\u00e7\u00e3o de uma elei\u00e7\u00e3o para a escolha de delegados regionais que ir\u00e3o participar do F\u00f3rum Nacional do Conselho Nacional de Pol\u00edtica Cultural (CNPC) vinculado ao Minist\u00e9rio da Cultura, a docente do curso de Arquivologia da Universidade Estadual da Para\u00edba, Esmeralda Porf\u00edrio Sales, foi uma das escolhidas, juntamente com Irani Rodrigues, como representante paraibana <a class=\"leiamais\" href=\"https:\/\/centros.uepb.edu.br\/ccbsa\/docente-do-campus-v-e-a-representante-paraibana-no-conselho-nacional-de-politica-cultural\/\">Leia Mais&#8230;<\/a><\/p>\n","protected":false},"author":8,"featured_media":0,"comment_status":"closed","ping_status":"closed","sticky":false,"template":"","format":"standard","meta":{"footnotes":""},"categories":[3,5],"tags":[],"class_list":["post-2444","post","type-post","status-publish","format-standard","hentry","category-noticias","category-visiveis"],"jetpack_featured_media_url":"","_links":{"self":[{"href":"https:\/\/centros.uepb.edu.br\/ccbsa\/wp-json\/wp\/v2\/posts\/2444","targetHints":{"allow":["GET"]}}],"collection":[{"href":"https:\/\/centros.uepb.edu.br\/ccbsa\/wp-json\/wp\/v2\/posts"}],"about":[{"href":"https:\/\/centros.uepb.edu.br\/ccbsa\/wp-json\/wp\/v2\/types\/post"}],"author":[{"embeddable":true,"href":"https:\/\/centros.uepb.edu.br\/ccbsa\/wp-json\/wp\/v2\/users\/8"}],"replies":[{"embeddable":true,"href":"https:\/\/centros.uepb.edu.br\/ccbsa\/wp-json\/wp\/v2\/comments?post=2444"}],"version-history":[{"count":0,"href":"https:\/\/centros.uepb.edu.br\/ccbsa\/wp-json\/wp\/v2\/posts\/2444\/revisions"}],"wp:attachment":[{"href":"https:\/\/centros.uepb.edu.br\/ccbsa\/wp-json\/wp\/v2\/media?parent=2444"}],"wp:term":[{"taxonomy":"category","embeddable":true,"href":"https:\/\/centros.uepb.edu.br\/ccbsa\/wp-json\/wp\/v2\/categories?post=2444"},{"taxonomy":"post_tag","embeddable":true,"href":"https:\/\/centros.uepb.edu.br\/ccbsa\/wp-json\/wp\/v2\/tags?post=2444"}],"curies":[{"name":"wp","href":"https:\/\/api.w.org\/{rel}","templated":true}]}}