{"id":2437,"date":"2015-11-12T14:32:20","date_gmt":"2015-11-12T14:32:20","guid":{"rendered":"https:\/\/centros.uepb.edu.br\/ccbsa\/?p=2437"},"modified":"2015-11-12T14:35:38","modified_gmt":"2015-11-12T14:35:38","slug":"egressos-de-arquivologia-sao-empossados-para-a-associacao-dos-arquivistas-da-paraiba","status":"publish","type":"post","link":"https:\/\/centros.uepb.edu.br\/ccbsa\/egressos-de-arquivologia-sao-empossados-para-a-associacao-dos-arquivistas-da-paraiba\/","title":{"rendered":"Egressos de Arquivologia s\u00e3o empossados para a Associa\u00e7\u00e3o dos Arquivistas da Para\u00edba"},"content":{"rendered":"<p><a href=\"https:\/\/centros.uepb.edu.br\/ccbsa\/files\/2015\/11\/DSC03077.jpg\"><img loading=\"lazy\" decoding=\"async\" class=\"alignleft wp-image-2439 size-thumbnail img-responsive\" src=\"https:\/\/centros.uepb.edu.br\/ccbsa\/files\/2015\/11\/DSC03077-150x150.jpg\" alt=\"\" width=\"150\" height=\"150\" \/><\/a>\u201cUm marco hist\u00f3rico para a Arquivologia paraibana\u201d, essa \u00e9 a defini\u00e7\u00e3o de profissionais, professores e estudantes para a posse da primeira gest\u00e3o da Associa\u00e7\u00e3o dos Arquivistas da Para\u00edba (AAPB) realizada na noite desta quarta-feira (11), no audit\u00f3rio 1 da Funda\u00e7\u00e3o Espa\u00e7o Cultural da Para\u00edba, em Jo\u00e3o Pessoa, com a presen\u00e7a de representantes dos cursos de gradua\u00e7\u00e3o em Arquivologia da Universidade Estadual da Para\u00edba e Universidade Federal da Para\u00edba.<\/p>\n<p>Compuseram a mesa de honra da solenidade o diretor do Centro de Ci\u00eancias Biol\u00f3gicas e Sociais Aplicadas, Francisco Jaime Mendon\u00e7a J\u00fanior; o diretor da Funda\u00e7\u00e3o Casa Jos\u00e9 Am\u00e9rico na ocasi\u00e3o representando o Governo do Estado, Dami\u00e3o Ramos; a diretora da AAPB, R\u00e9gia Sueli Felix; a coordenadora do curso de Arquivologia da UEPB, Esmeralda Porf\u00edrio Sales; a coordenadora adjunta do curso de Arquivologia da UFPB, Ediene Toscano; o representante do Instituto Federal de Educa\u00e7\u00e3o, Ci\u00eancia e Tecnologia da Para\u00edba, Jos\u00e9 Washington de Morais Medeiros e a representante do Conselho Nacional de Arquivos Aurora Maia.<\/p>\n<p>Na oportunidade, o professor Jos\u00e9 Washington Medeiros apresentou <a href=\"https:\/\/centros.uepb.edu.br\/ccbsa\/files\/2015\/11\/DSC03094.jpg\"><img loading=\"lazy\" decoding=\"async\" class=\"alignright wp-image-2440 size-thumbnail img-responsive\" src=\"https:\/\/centros.uepb.edu.br\/ccbsa\/files\/2015\/11\/DSC03094-150x150.jpg\" alt=\"\" width=\"150\" height=\"150\" \/><\/a>um breve panorama hist\u00f3rico da Arquivologia na Para\u00edba, a legisla\u00e7\u00e3o vigente, as dificuldades e conquistas profissionais e acad\u00eamicas, as caracter\u00edsticas da forma\u00e7\u00e3o no contexto da sociedade da informa\u00e7\u00e3o e o percurso tra\u00e7ado at\u00e9 a cria\u00e7\u00e3o e posse da AAPB. Em sua fala, o docente lembrou com pesar da professora Briggida Louren\u00e7o, assassinada em 2012, e de Vera L\u00facia Pereira e Margareth Barbosa, estudantes de Arquivologia da UEPB e UFPB, respectivamente, falecidas recentemente.<\/p>\n<p>Emocionada, a diretora da AAPB R\u00e9gia Sueli comemorou o que a mesma definiu como um importante passo para a Arquivologia da Para\u00edba e enfatizou a necessidade de envolvimento de toda a categoria de profissionais para que a associa\u00e7\u00e3o avance nos objetivos tra\u00e7ados.<\/p>\n<p>\u201cA minha maior emo\u00e7\u00e3o n\u00e3o \u00e9 ser presidente da AAPB, minha maior emo\u00e7\u00e3o \u00e9 ter a possibilidade de lutar pela Arquivologia paraibana. Talvez esse seja nosso maior objetivo, lutar por maiores sal\u00e1rios, pelo reconhecimento da nossa classe, pelo reconhecimento profissional. N\u00f3s n\u00e3o somos apenas cuidadores de documentos, n\u00f3s temos um papel importante para o processo administrativo como um todo, para as tomadas de decis\u00f5es, recupera\u00e7\u00e3o de informa\u00e7\u00f5es, ent\u00e3o a nossa luta est\u00e1 voltada para esse contexto\u201d, destacou R\u00e9gia.<\/p>\n<p>A chapa \u201cARQUIVOS AVANTE: uma arquivologia, muitos Arquivistas!\u201d, que conta com as egressas do curso de Arquivologia da UEPB R\u00e9gia Sueli Felix como diretora e Anna Carla Queiroz, que atualmente \u00e9 docente do Campus V da UEPB, como vice-diretora, ser\u00e1 a respons\u00e1vel pela gest\u00e3o da AAPB por dois anos, durante o bi\u00eanio 2015\/2017.<\/p>\n<p>A associa\u00e7\u00e3o ir\u00e1 auxiliar na fiscaliza\u00e7\u00e3o dos arquivos paraibanos, divulga\u00e7\u00e3o junto \u00e0 sociedade sobre o perfil e a import\u00e2ncia do arquivista nas institui\u00e7\u00f5es, mobiliza\u00e7\u00e3o de estudantes e profissionais da \u00e1rea na luta por causas comuns \u00e0 categoria, entre outros encaminhamentos.<\/p>\n<p>De acordo com a vice-diretora da AAPB, Anna Carla Queiroz, ap\u00f3s a cerim\u00f4nia de posse ser\u00e1 realizada uma campanha de ades\u00e3o para conscientizar os profissionais sobre a import\u00e2ncia da que eles se associem e apoiem as a\u00e7\u00f5es da AAPB. \u201cN\u00f3s temos um planejamento estrat\u00e9gico e o nosso primeiro passo \u00e9 conscientizar os profissionais sobre a import\u00e2ncia dessa filia\u00e7\u00e3o pois uma categoria forte \u00e9 uma categoria unida, e a partir da\u00ed daremos prosseguimento a outras a\u00e7\u00f5es de divulga\u00e7\u00e3o da import\u00e2ncia do arquivista para a sociedade para que a informa\u00e7\u00e3o esteja acess\u00edvel e cada sujeito possa exercer a cidadania com plenitude\u201d, explicou Anna Carla.<\/p>\n<p><strong>Hist\u00f3rico de cria\u00e7\u00e3o da AAPB<\/strong><\/p>\n<p><a href=\"https:\/\/centros.uepb.edu.br\/ccbsa\/files\/2015\/11\/12032095_1664755393767542_3730580272716905166_n.png\"><img loading=\"lazy\" decoding=\"async\" class=\"alignleft size-thumbnail wp-image-2393 img-responsive\" src=\"https:\/\/centros.uepb.edu.br\/ccbsa\/files\/2015\/11\/12032095_1664755393767542_3730580272716905166_n-150x150.png\" alt=\"12032095_1664755393767542_3730580272716905166_n\" width=\"150\" height=\"150\" \/><\/a>A ideia de cria\u00e7\u00e3o da AAPB surgiu em 2010, \u00e9poca em que a UEPB recebeu o presidente do Sindicato e Associa\u00e7\u00e3o de Arquivistas do Rio de Janeiro, Daniel Beltran, que, na ocasi\u00e3o, colaborou com as novas perspectivas de organiza\u00e7\u00e3o de classe na Para\u00edba.<\/p>\n<p>Desde ent\u00e3o, foram realizadas reuni\u00f5es para discutir a cria\u00e7\u00e3o desta associa\u00e7\u00e3o, estatuto, regimento entre outras quest\u00f5es, at\u00e9 que fosse organizada a assembleia geral de funda\u00e7\u00e3o da entidade.<\/p>\n<p>No dia 19 de novembro de 2013, em Jo\u00e3o Pessoa, foi fundada a AAPB e apresentado o estatuto da associa\u00e7\u00e3o. Na oportunidade, estiveram presentes discentes, docentes e profissionais da \u00e1rea, al\u00e9m das coordenadoras dos cursos de Arquivologia da UEPB e UFPB, que puderam sugerir melhorias a serem realizadas no documento que regulamenta as atividades da associa\u00e7\u00e3o.<\/p>\n","protected":false},"excerpt":{"rendered":"<p>\u201cUm marco hist\u00f3rico para a Arquivologia paraibana\u201d, essa \u00e9 a defini\u00e7\u00e3o de profissionais, professores e estudantes para a posse da primeira gest\u00e3o da Associa\u00e7\u00e3o dos Arquivistas da Para\u00edba (AAPB) realizada na noite desta quarta-feira (11), no audit\u00f3rio 1 da Funda\u00e7\u00e3o Espa\u00e7o Cultural da Para\u00edba, em Jo\u00e3o Pessoa, com a presen\u00e7a de representantes dos cursos de <a class=\"leiamais\" href=\"https:\/\/centros.uepb.edu.br\/ccbsa\/egressos-de-arquivologia-sao-empossados-para-a-associacao-dos-arquivistas-da-paraiba\/\">Leia Mais&#8230;<\/a><\/p>\n","protected":false},"author":8,"featured_media":2438,"comment_status":"closed","ping_status":"closed","sticky":false,"template":"","format":"standard","meta":{"footnotes":""},"categories":[6],"tags":[],"class_list":["post-2437","post","type-post","status-publish","format-standard","has-post-thumbnail","hentry","category-slide"],"jetpack_featured_media_url":"https:\/\/centros.uepb.edu.br\/ccbsa\/files\/2015\/11\/DSC03066.jpg","_links":{"self":[{"href":"https:\/\/centros.uepb.edu.br\/ccbsa\/wp-json\/wp\/v2\/posts\/2437","targetHints":{"allow":["GET"]}}],"collection":[{"href":"https:\/\/centros.uepb.edu.br\/ccbsa\/wp-json\/wp\/v2\/posts"}],"about":[{"href":"https:\/\/centros.uepb.edu.br\/ccbsa\/wp-json\/wp\/v2\/types\/post"}],"author":[{"embeddable":true,"href":"https:\/\/centros.uepb.edu.br\/ccbsa\/wp-json\/wp\/v2\/users\/8"}],"replies":[{"embeddable":true,"href":"https:\/\/centros.uepb.edu.br\/ccbsa\/wp-json\/wp\/v2\/comments?post=2437"}],"version-history":[{"count":0,"href":"https:\/\/centros.uepb.edu.br\/ccbsa\/wp-json\/wp\/v2\/posts\/2437\/revisions"}],"wp:featuredmedia":[{"embeddable":true,"href":"https:\/\/centros.uepb.edu.br\/ccbsa\/wp-json\/wp\/v2\/media\/2438"}],"wp:attachment":[{"href":"https:\/\/centros.uepb.edu.br\/ccbsa\/wp-json\/wp\/v2\/media?parent=2437"}],"wp:term":[{"taxonomy":"category","embeddable":true,"href":"https:\/\/centros.uepb.edu.br\/ccbsa\/wp-json\/wp\/v2\/categories?post=2437"},{"taxonomy":"post_tag","embeddable":true,"href":"https:\/\/centros.uepb.edu.br\/ccbsa\/wp-json\/wp\/v2\/tags?post=2437"}],"curies":[{"name":"wp","href":"https:\/\/api.w.org\/{rel}","templated":true}]}}