{"id":2428,"date":"2015-11-12T12:09:25","date_gmt":"2015-11-12T12:09:25","guid":{"rendered":"https:\/\/centros.uepb.edu.br\/ccbsa\/?p=2428"},"modified":"2015-11-12T12:26:50","modified_gmt":"2015-11-12T12:26:50","slug":"curso-de-relacoes-internacionais-organiza-palestra-sobre-o-cenario-politico-nacional-na-atualidade-2","status":"publish","type":"post","link":"https:\/\/centros.uepb.edu.br\/ccbsa\/curso-de-relacoes-internacionais-organiza-palestra-sobre-o-cenario-politico-nacional-na-atualidade-2\/","title":{"rendered":"Curso de Rela\u00e7\u00f5es Internacionais realiza palestra sobre o cen\u00e1rio pol\u00edtico nacional na atualidade"},"content":{"rendered":"<p><a href=\"https:\/\/centros.uepb.edu.br\/ccbsa\/files\/2015\/11\/DSC03061.jpg\"><img loading=\"lazy\" decoding=\"async\" class=\"alignleft wp-image-2429 size-thumbnail img-responsive\" src=\"https:\/\/centros.uepb.edu.br\/ccbsa\/files\/2015\/11\/DSC03061-150x150.jpg\" alt=\"\" width=\"150\" height=\"150\" \/><\/a>Crise econ\u00f4mica, esc\u00e2ndalos pol\u00edticos e o papel da imprensa diante deste cen\u00e1rio foram alguns dos temas discutidos durante a palestra \u201cA grande m\u00eddia por tr\u00e1s da degenera\u00e7\u00e3o das institui\u00e7\u00f5es brasileiras: o resgate pelo pacto social\u201d, realizada na tarde desta quarta-feira (11) pelo economista Jos\u00e9 Carlos de Assis, como parte das atividades do 22\u00ba Encontro de Inicia\u00e7\u00e3o Cient\u00edfica da Universidade Estadual da Para\u00edba.<\/p>\n<p>Durante a palestra o pesquisador, que possui uma s\u00f3lida trajet\u00f3ria acad\u00eamica e profissional na imprensa escrita e economia, fez uma breve explana\u00e7\u00e3o sobre a conjuntura pol\u00edtica brasileira, o que originou a crise vivenciada na atualidade e qual a contribui\u00e7\u00e3o da imprensa para o agravamento dessa situa\u00e7\u00e3o.<\/p>\n<p>\u201cO jornalismo investigativo \u00e9 uma arma poderosa contra a <a href=\"https:\/\/centros.uepb.edu.br\/ccbsa\/files\/2015\/11\/DSC03052.jpg\"><img loading=\"lazy\" decoding=\"async\" class=\"alignright size-thumbnail wp-image-2430 img-responsive\" src=\"https:\/\/centros.uepb.edu.br\/ccbsa\/files\/2015\/11\/DSC03052-150x150.jpg\" alt=\"\" width=\"150\" height=\"150\" \/><\/a>corrup\u00e7\u00e3o, a impunidade e dilapida\u00e7\u00e3o do patrim\u00f4nio p\u00fablico. Mas se manejado sem responsabilidade pode resultar em danos maiores que aqueles que procura corrigir. O que n\u00f3s vivenciamos na m\u00eddia nacional da atualidade \u00e9 a exist\u00eancia de um jornalismo que n\u00e3o \u00e9 investigativo e sim declarat\u00f3rio. Tivemos dois esc\u00e2ndalos recentemente que s\u00e3o os casos do Mensal\u00e3o e Petrol\u00e3o, e a forma como foram explorados pela imprensa brasileira interferiu significativamente no sistema pol\u00edtico nacional, e certamente agravou a crise\u201d, avaliou Jos\u00e9 Carlos.<\/p>\n<p>O pesquisador destacou a ideia de um \u201cpacto social\u201d como o caminho para o enfrentamento da crise, partindo do pressuposto de que s\u00f3 atrav\u00e9s de um entendimento entre entidades suprapartid\u00e1rias de trabalhadores e empres\u00e1rios \u00e9 que a economia brasileira poder\u00e1 se recuperar. \u201cNo nosso caso o pacto \u00e9 o caminho para evitarmos uma convuls\u00e3o social alimentada pelo desemprego e pela queda da renda da popula\u00e7\u00e3o\u201d, explica.<\/p>\n<p>Jos\u00e9 Carlos de Assis \u00e9 professor aposentado pela UEPB, tendo atuado como coordenador do curso de Rela\u00e7\u00f5es Internacionais. \u00c9 economista, mestre e doutor em Engenharia de Produ\u00e7\u00e3o pela Universidade Federal do Rio de Janeiro. Trabalhou nos principais jornais brasileiros (Folha de S\u00e3o Paulo, O Globo) na \u00e1rea do jornalismo econ\u00f4mico e \u00e9 autor de mais de vinte livros sobre economia, pol\u00edtica e jornalismo, sendo seu mais recente lan\u00e7amento a obra \u201cOs sete mandamentos do jornalismo investigativo: intelig\u00eancia, \u00e9tica e coragem na constru\u00e7\u00e3o da reportagem\u201d.<\/p>\n<p>Al\u00e9m de Jo\u00e3o Pessoa, essa mesma palestra do professor Jos\u00e9 Carlos tamb\u00e9m foi apresentada em v\u00e1rias cidades do pa\u00eds, e, nesta quinta-feira, 12, \u00e0s 15h30, no audit\u00f3rio 2 da Central de Aulas, ser\u00e1 realizada em Campina Grande.<\/p>\n","protected":false},"excerpt":{"rendered":"<p>Crise econ\u00f4mica, esc\u00e2ndalos pol\u00edticos e o papel da imprensa diante deste cen\u00e1rio foram alguns dos temas discutidos durante a palestra \u201cA grande m\u00eddia por tr\u00e1s da degenera\u00e7\u00e3o das institui\u00e7\u00f5es brasileiras: o resgate pelo pacto social\u201d, realizada na tarde desta quarta-feira (11) pelo economista Jos\u00e9 Carlos de Assis, como parte das atividades do 22\u00ba Encontro de <a class=\"leiamais\" href=\"https:\/\/centros.uepb.edu.br\/ccbsa\/curso-de-relacoes-internacionais-organiza-palestra-sobre-o-cenario-politico-nacional-na-atualidade-2\/\">Leia Mais&#8230;<\/a><\/p>\n","protected":false},"author":8,"featured_media":2431,"comment_status":"closed","ping_status":"closed","sticky":false,"template":"","format":"standard","meta":{"footnotes":""},"categories":[6],"tags":[],"class_list":["post-2428","post","type-post","status-publish","format-standard","has-post-thumbnail","hentry","category-slide"],"jetpack_featured_media_url":"https:\/\/centros.uepb.edu.br\/ccbsa\/files\/2015\/11\/DSC03052-slides.jpg","_links":{"self":[{"href":"https:\/\/centros.uepb.edu.br\/ccbsa\/wp-json\/wp\/v2\/posts\/2428","targetHints":{"allow":["GET"]}}],"collection":[{"href":"https:\/\/centros.uepb.edu.br\/ccbsa\/wp-json\/wp\/v2\/posts"}],"about":[{"href":"https:\/\/centros.uepb.edu.br\/ccbsa\/wp-json\/wp\/v2\/types\/post"}],"author":[{"embeddable":true,"href":"https:\/\/centros.uepb.edu.br\/ccbsa\/wp-json\/wp\/v2\/users\/8"}],"replies":[{"embeddable":true,"href":"https:\/\/centros.uepb.edu.br\/ccbsa\/wp-json\/wp\/v2\/comments?post=2428"}],"version-history":[{"count":0,"href":"https:\/\/centros.uepb.edu.br\/ccbsa\/wp-json\/wp\/v2\/posts\/2428\/revisions"}],"wp:featuredmedia":[{"embeddable":true,"href":"https:\/\/centros.uepb.edu.br\/ccbsa\/wp-json\/wp\/v2\/media\/2431"}],"wp:attachment":[{"href":"https:\/\/centros.uepb.edu.br\/ccbsa\/wp-json\/wp\/v2\/media?parent=2428"}],"wp:term":[{"taxonomy":"category","embeddable":true,"href":"https:\/\/centros.uepb.edu.br\/ccbsa\/wp-json\/wp\/v2\/categories?post=2428"},{"taxonomy":"post_tag","embeddable":true,"href":"https:\/\/centros.uepb.edu.br\/ccbsa\/wp-json\/wp\/v2\/tags?post=2428"}],"curies":[{"name":"wp","href":"https:\/\/api.w.org\/{rel}","templated":true}]}}