{"id":2413,"date":"2015-11-10T21:42:34","date_gmt":"2015-11-10T21:42:34","guid":{"rendered":"https:\/\/centros.uepb.edu.br\/ccbsa\/?p=2413"},"modified":"2015-11-10T21:42:34","modified_gmt":"2015-11-10T21:42:34","slug":"direcao-do-ccbsa-emite-nota-de-pesar-pelo-falecimento-de-estudante-do-curso-de-arquivologia","status":"publish","type":"post","link":"https:\/\/centros.uepb.edu.br\/ccbsa\/direcao-do-ccbsa-emite-nota-de-pesar-pelo-falecimento-de-estudante-do-curso-de-arquivologia\/","title":{"rendered":"Dire\u00e7\u00e3o do CCBSA emite nota de pesar pelo falecimento de estudante do curso de Arquivologia"},"content":{"rendered":"<p>A dire\u00e7\u00e3o do Campus V da Universidade Estadual da Para\u00edba (UEPB), em Jo\u00e3o Pessoa, vem a p\u00fablico manifestar, em nome de toda a comunidade acad\u00eamica da Institui\u00e7\u00e3o, o mais profundo pesar pelo falecimento de Vera Lucia Pereira, estudante vinculada ao Curso de Arquivologia do Centro de Ci\u00eancias Biol\u00f3gicas e Sociais Aplicadas, ao mesmo tempo em que presta condol\u00eancias a familiares e amigos enlutados pela irrepar\u00e1vel perda ocorrida nesta ter\u00e7a-feira (10).<\/p>\n","protected":false},"excerpt":{"rendered":"<p>A dire\u00e7\u00e3o do Campus V da Universidade Estadual da Para\u00edba (UEPB), em Jo\u00e3o Pessoa, vem a p\u00fablico manifestar, em nome de toda a comunidade acad\u00eamica da Institui\u00e7\u00e3o, o mais profundo pesar pelo falecimento de Vera Lucia Pereira, estudante vinculada ao Curso de Arquivologia do Centro de Ci\u00eancias Biol\u00f3gicas e Sociais Aplicadas, ao mesmo tempo em <a class=\"leiamais\" href=\"https:\/\/centros.uepb.edu.br\/ccbsa\/direcao-do-ccbsa-emite-nota-de-pesar-pelo-falecimento-de-estudante-do-curso-de-arquivologia\/\">Leia Mais&#8230;<\/a><\/p>\n","protected":false},"author":8,"featured_media":0,"comment_status":"closed","ping_status":"closed","sticky":false,"template":"","format":"standard","meta":{"footnotes":""},"categories":[3,5],"tags":[],"class_list":["post-2413","post","type-post","status-publish","format-standard","hentry","category-noticias","category-visiveis"],"jetpack_featured_media_url":"","_links":{"self":[{"href":"https:\/\/centros.uepb.edu.br\/ccbsa\/wp-json\/wp\/v2\/posts\/2413","targetHints":{"allow":["GET"]}}],"collection":[{"href":"https:\/\/centros.uepb.edu.br\/ccbsa\/wp-json\/wp\/v2\/posts"}],"about":[{"href":"https:\/\/centros.uepb.edu.br\/ccbsa\/wp-json\/wp\/v2\/types\/post"}],"author":[{"embeddable":true,"href":"https:\/\/centros.uepb.edu.br\/ccbsa\/wp-json\/wp\/v2\/users\/8"}],"replies":[{"embeddable":true,"href":"https:\/\/centros.uepb.edu.br\/ccbsa\/wp-json\/wp\/v2\/comments?post=2413"}],"version-history":[{"count":0,"href":"https:\/\/centros.uepb.edu.br\/ccbsa\/wp-json\/wp\/v2\/posts\/2413\/revisions"}],"wp:attachment":[{"href":"https:\/\/centros.uepb.edu.br\/ccbsa\/wp-json\/wp\/v2\/media?parent=2413"}],"wp:term":[{"taxonomy":"category","embeddable":true,"href":"https:\/\/centros.uepb.edu.br\/ccbsa\/wp-json\/wp\/v2\/categories?post=2413"},{"taxonomy":"post_tag","embeddable":true,"href":"https:\/\/centros.uepb.edu.br\/ccbsa\/wp-json\/wp\/v2\/tags?post=2413"}],"curies":[{"name":"wp","href":"https:\/\/api.w.org\/{rel}","templated":true}]}}