{"id":241,"date":"2013-06-17T13:08:21","date_gmt":"2013-06-17T13:08:21","guid":{"rendered":"\/ccbsa\/?p=241"},"modified":"2013-06-25T17:52:14","modified_gmt":"2013-06-25T17:52:14","slug":"cursos-de-graduacao-do-campus-v-inscrevem-para-selecao-de-monitores-do-periodo-2013-1","status":"publish","type":"post","link":"https:\/\/centros.uepb.edu.br\/ccbsa\/cursos-de-graduacao-do-campus-v-inscrevem-para-selecao-de-monitores-do-periodo-2013-1\/","title":{"rendered":"Inscri\u00e7\u00f5es para sele\u00e7\u00e3o de monitores do per\u00edodo 2013.1 s\u00e3o prorrogadas at\u00e9 o dia 26 de junho"},"content":{"rendered":"<p>A Pro-reitoria de Ensino de Gradua\u00e7\u00e3o da Universidade Estadual da Para\u00edba, republicou o calend\u00e1rio de monitoria 2013.1, prorrogando, para o dia 26 de junho, a data de inscri\u00e7\u00f5es de estudantes na sele\u00e7\u00e3o.\u00a0 Podem participar do processo seletivo os estudantes dos tr\u00eas cursos de gradua\u00e7\u00e3o do Campus V, Arquivologia,\u00a0Ci\u00eancias Biol\u00f3gicas e Rela\u00e7\u00f5es Internacionais,\u00a0que neste semestre\u00a0ofertam, ao todo,\u00a026 vagas.<\/p>\n<p>Para participar da sele\u00e7\u00e3o os\u00a0estudantes devem ter Coeficiente de Rendimento Escolar igual ou superior a 7,0, que n\u00e3o tenham sido reprovados no componente curricular objeto da monitoria e em mais de tr\u00eas componentes curriculares em toda a vida acad\u00eamica.<\/p>\n<p>A sele\u00e7\u00e3o ser\u00e1 composta por prova escrita e, quando necess\u00e1rio, prova pr\u00e1tica, versando sobre os conte\u00fados desenvolvidos no componente curricular objeto da sele\u00e7\u00e3o. Ser\u00e3o aprovados e classificados no processo os estudantes com m\u00e9dias iguais ou superiores a 7,0. Os alunos bolsistas de monitoria ter\u00e3o direito a uma bolsa no valor de R$ 220,00.<\/p>\n<p>Para o curso de Arquivologia s\u00e3o ofertadas nove vagas, sendo duas para o componente curricular \u201cFundamentos Arquiv\u00edsticos\u201d, uma para o turno da manh\u00e3 outra para o turno da noite; duas vagas (uma para o per\u00edodo da manh\u00e3 e outra \u00e0 noite) para o componente \u201cGest\u00e3o de documentos II\u201d; uma vaga para a mat\u00e9ria \u201cHist\u00f3ria do Pensamento Filos\u00f3fico e cient\u00edfico\u201d; duas vagas (uma pela manh\u00e3 e outra \u00e0 tarde) para o componente \u201cInforma\u00e7\u00e3o e sociedade\u201d; uma vaga para \u201cIntrodu\u00e7\u00e3o \u00e0 Administra\u00e7\u00e3o\u201d e uma vaga para o componente \u201cRepresenta\u00e7\u00e3o da informa\u00e7\u00e3o\u201d. A secretaria de Arquivologia realiza as inscri\u00e7\u00f5es no hor\u00e1rio das 8 \u00e0s 12h e das 18h30 \u00e0s 21h.<\/p>\n<p>J\u00e1 o curso de Ci\u00eancias Biol\u00f3gicas oferta 12 vagas distribu\u00eddas nos componentes curriculares \u201cBioqu\u00edmica fundamental\u201d, \u201cClimatologia\u201d, \u201cEcologia fundamental\u201d, \u201cEcologia Terrestre\u201d, \u201cEmbriologia Geral\u201d, \u201cEstat\u00edstica Aplicada a Ci\u00eancias Biol\u00f3gicas\u201d, \u201cFisiologia Vegetal\u201d, \u201cGeologia Aplicada a Ci\u00eancias Biol\u00f3gicas\u201d, \u201cHistologia Geral\u201d, \u201cPaleontologia\u201d, \u201cParasitologia\u201d e \u201cSistem\u00e1tica de Faner\u00f3gamas\u201d. A secretaria de Ci\u00eancias Biol\u00f3gicas realiza as inscri\u00e7\u00f5es para a sele\u00e7\u00e3o no hor\u00e1rio das 7 \u00e0s 11h e das 13 \u00e0s 17h.<\/p>\n<p>E o curso de Rela\u00e7\u00f5es Internacionais oferece cinco vagas para os componentes curriculares \u201cAntropologia Cultural\u201d, \u201cM\u00e9todos quantitativos e estat\u00edsticos\u201d, \u201cIntrodu\u00e7\u00e3o \u00e0 Filosofia\u201d, \u201cL\u00edngua Inglesa I\u201d e \u201cL\u00edngua Inglesa II\u201d. As inscri\u00e7\u00f5es podem ser realizadas na secretaria do curso, no hor\u00e1rio das 8 \u00e0s 12h e das 17 \u00e0s 21h.<\/p>\n","protected":false},"excerpt":{"rendered":"<p>A Pro-reitoria de Ensino de Gradua\u00e7\u00e3o da Universidade Estadual da Para\u00edba, republicou o calend\u00e1rio de monitoria 2013.1, prorrogando, para o dia 26 de junho, a data de inscri\u00e7\u00f5es de estudantes na sele\u00e7\u00e3o.\u00a0 Podem participar do processo seletivo os estudantes dos tr\u00eas cursos de gradua\u00e7\u00e3o do Campus V, Arquivologia,\u00a0Ci\u00eancias Biol\u00f3gicas e Rela\u00e7\u00f5es Internacionais,\u00a0que neste semestre\u00a0ofertam, ao <a class=\"leiamais\" href=\"https:\/\/centros.uepb.edu.br\/ccbsa\/cursos-de-graduacao-do-campus-v-inscrevem-para-selecao-de-monitores-do-periodo-2013-1\/\">Leia Mais&#8230;<\/a><\/p>\n","protected":false},"author":8,"featured_media":0,"comment_status":"open","ping_status":"open","sticky":false,"template":"","format":"standard","meta":{"footnotes":""},"categories":[3,5],"tags":[],"class_list":["post-241","post","type-post","status-publish","format-standard","hentry","category-noticias","category-visiveis"],"jetpack_featured_media_url":"","_links":{"self":[{"href":"https:\/\/centros.uepb.edu.br\/ccbsa\/wp-json\/wp\/v2\/posts\/241","targetHints":{"allow":["GET"]}}],"collection":[{"href":"https:\/\/centros.uepb.edu.br\/ccbsa\/wp-json\/wp\/v2\/posts"}],"about":[{"href":"https:\/\/centros.uepb.edu.br\/ccbsa\/wp-json\/wp\/v2\/types\/post"}],"author":[{"embeddable":true,"href":"https:\/\/centros.uepb.edu.br\/ccbsa\/wp-json\/wp\/v2\/users\/8"}],"replies":[{"embeddable":true,"href":"https:\/\/centros.uepb.edu.br\/ccbsa\/wp-json\/wp\/v2\/comments?post=241"}],"version-history":[{"count":0,"href":"https:\/\/centros.uepb.edu.br\/ccbsa\/wp-json\/wp\/v2\/posts\/241\/revisions"}],"wp:attachment":[{"href":"https:\/\/centros.uepb.edu.br\/ccbsa\/wp-json\/wp\/v2\/media?parent=241"}],"wp:term":[{"taxonomy":"category","embeddable":true,"href":"https:\/\/centros.uepb.edu.br\/ccbsa\/wp-json\/wp\/v2\/categories?post=241"},{"taxonomy":"post_tag","embeddable":true,"href":"https:\/\/centros.uepb.edu.br\/ccbsa\/wp-json\/wp\/v2\/tags?post=241"}],"curies":[{"name":"wp","href":"https:\/\/api.w.org\/{rel}","templated":true}]}}