{"id":2399,"date":"2015-11-06T14:21:42","date_gmt":"2015-11-06T14:21:42","guid":{"rendered":"https:\/\/centros.uepb.edu.br\/ccbsa\/?p=2399"},"modified":"2015-11-06T14:24:43","modified_gmt":"2015-11-06T14:24:43","slug":"professor-do-ccbsa-lanca-obra-sobre-doencas-negligenciadas-sob-a-otica-da-quimica-medicinal","status":"publish","type":"post","link":"https:\/\/centros.uepb.edu.br\/ccbsa\/professor-do-ccbsa-lanca-obra-sobre-doencas-negligenciadas-sob-a-otica-da-quimica-medicinal\/","title":{"rendered":"Professor do CCBSA lan\u00e7a livro sobre Doen\u00e7as Negligenciadas sob a \u00f3tica da Qu\u00edmica Medicinal"},"content":{"rendered":"<p><a href=\"https:\/\/centros.uepb.edu.br\/ccbsa\/files\/2015\/11\/preview.jpg\"><img loading=\"lazy\" decoding=\"async\" class=\"alignleft size-thumbnail wp-image-2400 img-responsive\" src=\"https:\/\/centros.uepb.edu.br\/ccbsa\/files\/2015\/11\/preview-150x150.jpg\" alt=\"preview\" width=\"150\" height=\"150\" \/><\/a>Divulgar uma categoria de doen\u00e7as que s\u00e3o consideradas esquecidas ou negligenciadas pelo mercado farmac\u00eautico e incentivar o desenvolvimento de pesquisas relacionadas a esse tema, \u00e9 um dos objetivos da obra \u201cDoen\u00e7as Negligenciadas Sob a \u00f3tica da Qu\u00edmica Medicinal\u201d, organizada pelo professor do Centro de Ci\u00eancias Biol\u00f3gicas e Sociais Aplicadas da Universidade Estadual da Para\u00edba, Francisco Jaime Bezerra Mendon\u00e7a J\u00fanior, em parceria com o professor da Universidade Federal de Alagoas, Thiago Mendon\u00e7a de Aquino, que ser\u00e1 lan\u00e7ada no dia 9 de novembro, \u00e0s 17h, durante o I Workshop Nordestino de Qu\u00edmica Medicinal e Doen\u00e7as Negligenciadas, em Alagoas.<\/p>\n<p>O livro est\u00e1 organizado em dez cap\u00edtulos com uma introdu\u00e7\u00e3o \u00e0s Doen\u00e7as Negligenciadas e o contexto brasileiro, uma abordagem sobre algumas Doen\u00e7as Negligenciadas (leishmanioses, mal\u00e1ria, tuberculose, dengue, toxoplasmose, hansen\u00edase, ten\u00edase e cisticercose, doen\u00e7a do sono) e os metalof\u00e1rmacos usados no combate a diferentes doen\u00e7as negligenciadas.<\/p>\n<p>S\u00e3o consideradas doen\u00e7as negligenciadas aquelas que s\u00e3o transmiss\u00edveis causadas por diversos agentes infecciosos e parasit\u00e1rios end\u00eamicas em pa\u00edses subdesenvolvidos e popula\u00e7\u00f5es de baixa renda, que habitam sobretudo os continentes Africano, Asi\u00e1tico e Americano (Am\u00e9rica do Sul e Central) e que, pelo fato de n\u00e3o despertar interesse das grandes empresas farmac\u00eauticas, nem ser objeto de financiamento por parte dos governos, continuam com op\u00e7\u00f5es de tratamento inexistentes, prec\u00e1rias ou desatualizadas, sendo portanto doen\u00e7as esquecidas ou desatualizadas.<\/p>\n<p>De acordo com o professor Francisco Jaime a obra que ser\u00e1 lan\u00e7ada \u00e9 in\u00e9dita devido \u00e0 inexist\u00eancia de livros com essa abordagem sobre o tema. O pesquisador ressalta a import\u00e2ncia da implementa\u00e7\u00e3o de pesquisas com esse enfoque e o desenvolvimento de f\u00e1rmacos voltados ao tratamento dessas doen\u00e7as.<\/p>\n<p>\u201cN\u00e3o existe nenhum livro nem em portugu\u00eas nem em outro idioma que trate as doen\u00e7as negligenciadas com enfoque na busca de medicamentos e alvos biol\u00f3gicos. Todos os livros desse tema falam do parasita e dos medicamentos utilizados, que j\u00e1 existem h\u00e1 40 anos. Mostramos as pesquisas que s\u00e3o desenvolvidas para cada uma dessas doen\u00e7as, estruturas qu\u00edmicas, os alvos biol\u00f3gicos que est\u00e3o sendo explorados. Dessa forma, pretendemos tornar esse assunto mais conhecido e buscar caminhos para incentivar a pesquisa, considerando que estamos diante de uma lacuna no Brasil, que embora seja acometido, n\u00e3o incentiva o desenvolvimento de novos f\u00e1rmacos voltados ao tratamento destas doen\u00e7as\u201d, avalia o professor Francisco Jaime.<\/p>\n<p>Com o objetivo de reunir trabalhos com essa abordagem diferenciada das doen\u00e7as negligenciadas, foram escolhidos mais de 20 professores e pesquisadores das universidades federais de Campina Grande (UFCG), da Para\u00edba (UFPB), Rural de Pernambuco (UFRPE) e da Universidade de Lisboa, al\u00e9m dos autores organizadores da Ufal e da UEPB, que trabalham com qu\u00edmica medicinal e desenvolvimento de novos f\u00e1rmacos, o que resultou na obra a ser lan\u00e7ada.<\/p>\n<p>Al\u00e9m do lan\u00e7amento do livro, o professor Francisco Jaime tamb\u00e9m ministrar\u00e1, no dia 9 de novembro \u00e0s 14h, durante o I Workshop Nordestino de Qu\u00edmica Medicinal e Doen\u00e7as Negligenciadas, a mesa de discuss\u00e3o \u201cProt\u00f3tipos org\u00e2nicos e inorg\u00e2nicos na Qu\u00edmica medicinal das doen\u00e7as negligenciadas\u201d.<\/p>\n","protected":false},"excerpt":{"rendered":"<p>Divulgar uma categoria de doen\u00e7as que s\u00e3o consideradas esquecidas ou negligenciadas pelo mercado farmac\u00eautico e incentivar o desenvolvimento de pesquisas relacionadas a esse tema, \u00e9 um dos objetivos da obra \u201cDoen\u00e7as Negligenciadas Sob a \u00f3tica da Qu\u00edmica Medicinal\u201d, organizada pelo professor do Centro de Ci\u00eancias Biol\u00f3gicas e Sociais Aplicadas da Universidade Estadual da Para\u00edba, Francisco <a class=\"leiamais\" href=\"https:\/\/centros.uepb.edu.br\/ccbsa\/professor-do-ccbsa-lanca-obra-sobre-doencas-negligenciadas-sob-a-otica-da-quimica-medicinal\/\">Leia Mais&#8230;<\/a><\/p>\n","protected":false},"author":8,"featured_media":0,"comment_status":"closed","ping_status":"closed","sticky":false,"template":"","format":"standard","meta":{"footnotes":""},"categories":[3,5],"tags":[],"class_list":["post-2399","post","type-post","status-publish","format-standard","hentry","category-noticias","category-visiveis"],"jetpack_featured_media_url":"","_links":{"self":[{"href":"https:\/\/centros.uepb.edu.br\/ccbsa\/wp-json\/wp\/v2\/posts\/2399","targetHints":{"allow":["GET"]}}],"collection":[{"href":"https:\/\/centros.uepb.edu.br\/ccbsa\/wp-json\/wp\/v2\/posts"}],"about":[{"href":"https:\/\/centros.uepb.edu.br\/ccbsa\/wp-json\/wp\/v2\/types\/post"}],"author":[{"embeddable":true,"href":"https:\/\/centros.uepb.edu.br\/ccbsa\/wp-json\/wp\/v2\/users\/8"}],"replies":[{"embeddable":true,"href":"https:\/\/centros.uepb.edu.br\/ccbsa\/wp-json\/wp\/v2\/comments?post=2399"}],"version-history":[{"count":0,"href":"https:\/\/centros.uepb.edu.br\/ccbsa\/wp-json\/wp\/v2\/posts\/2399\/revisions"}],"wp:attachment":[{"href":"https:\/\/centros.uepb.edu.br\/ccbsa\/wp-json\/wp\/v2\/media?parent=2399"}],"wp:term":[{"taxonomy":"category","embeddable":true,"href":"https:\/\/centros.uepb.edu.br\/ccbsa\/wp-json\/wp\/v2\/categories?post=2399"},{"taxonomy":"post_tag","embeddable":true,"href":"https:\/\/centros.uepb.edu.br\/ccbsa\/wp-json\/wp\/v2\/tags?post=2399"}],"curies":[{"name":"wp","href":"https:\/\/api.w.org\/{rel}","templated":true}]}}