{"id":2392,"date":"2015-11-06T12:18:12","date_gmt":"2015-11-06T12:18:12","guid":{"rendered":"https:\/\/centros.uepb.edu.br\/ccbsa\/?p=2392"},"modified":"2015-11-06T13:13:08","modified_gmt":"2015-11-06T13:13:08","slug":"egressos-e-docentes-do-curso-de-arquivologia-sao-empossados-para-a-primeira-gestao-da-associacao-dos-arquivistas-da-paraiba","status":"publish","type":"post","link":"https:\/\/centros.uepb.edu.br\/ccbsa\/egressos-e-docentes-do-curso-de-arquivologia-sao-empossados-para-a-primeira-gestao-da-associacao-dos-arquivistas-da-paraiba\/","title":{"rendered":"Egressos de Arquivologia s\u00e3o empossados para a Associa\u00e7\u00e3o dos Arquivistas da Para\u00edba"},"content":{"rendered":"<p><a href=\"https:\/\/centros.uepb.edu.br\/ccbsa\/files\/2015\/11\/12032095_1664755393767542_3730580272716905166_n.png\"><img loading=\"lazy\" decoding=\"async\" class=\"alignleft size-thumbnail wp-image-2393 img-responsive\" src=\"https:\/\/centros.uepb.edu.br\/ccbsa\/files\/2015\/11\/12032095_1664755393767542_3730580272716905166_n-150x150.png\" alt=\"12032095_1664755393767542_3730580272716905166_n\" width=\"150\" height=\"150\" \/><\/a>Ap\u00f3s elei\u00e7\u00e3o realizada em setembro deste ano, ser\u00e1 empossada, no dia 11 de novembro, \u00e0s 18h30, no audit\u00f3rio 1 da Funda\u00e7\u00e3o Espa\u00e7o Cultural da Para\u00edba, a primeira gest\u00e3o da Associa\u00e7\u00e3o dos Arquivistas da Para\u00edba (AAPB) que conta com egressos e docentes do curso de Arquivologia da Universidade Estadual da Para\u00edba e Universidade Federal da Para\u00edba integrando a diretoria e conselhos, um momento considerado hist\u00f3rico para a arquivologia paraibana.<\/p>\n<p>A chapa \u201cARQUIVOS AVANTE: uma arquivologia, muitos Arquivistas!\u201d, que conta com as egressas do curso de Arquivologia da UEPB R\u00e9gia Sueli Felix como diretora e Anna Carla Queiroz, que atualmente \u00e9 docente do Campus V da UEPB, como vice-diretora, ser\u00e1 a respons\u00e1vel pela gest\u00e3o da AAPB por dois anos.<\/p>\n<p>A associa\u00e7\u00e3o ir\u00e1 auxiliar na fiscaliza\u00e7\u00e3o dos arquivos paraibanos, divulga\u00e7\u00e3o junto \u00e0 sociedade sobre o perfil e a import\u00e2ncia do arquivista nas institui\u00e7\u00f5es, mobiliza\u00e7\u00e3o de estudantes e profissionais da \u00e1rea na luta por causas comuns \u00e0 categoria, entre outros encaminhamentos.<\/p>\n<p>A coordenadora do curso de Arquivologia da UEPB, professora Esmeralda Porf\u00edrio Sales, que integrou a equipe respons\u00e1vel pela idealiza\u00e7\u00e3o da associa\u00e7\u00e3o e, desde 2010, atua junto com uma comiss\u00e3o provis\u00f3ria buscando viabilizar administrativa e juridicamente a cria\u00e7\u00e3o da AAPB, destacou a import\u00e2ncia da cria\u00e7\u00e3o da associa\u00e7\u00e3o para fortalecer a arquivologia paraibana e nacional, organizando os profissionais para reivindicar direitos.<\/p>\n<p>\u201c\u00c9 um marco para a arquivologia e um momento para fortalecer essa \u00e1rea que \u00e9 t\u00e3o fragilizada. A partir da implanta\u00e7\u00e3o da associa\u00e7\u00e3o podemos, inclusive, dar encaminhamento para a cria\u00e7\u00e3o de conselhos federal e regionais que poder\u00e3o dar prosseguimento \u00e0s nossas lutas\u201d, avaliou professora Esmeralda.<\/p>\n<p><strong>Hist\u00f3rico de cria\u00e7\u00e3o da AAPB<\/strong><\/p>\n<p>A ideia de cria\u00e7\u00e3o da AAPB surgiu em 2010, \u00e9poca em que a UEPB recebeu o presidente do Sindicato e Associa\u00e7\u00e3o de Arquivistas do Rio de Janeiro, Daniel Beltran, que, na ocasi\u00e3o, colaborou com as novas perspectivas de organiza\u00e7\u00e3o de classe na Para\u00edba.<\/p>\n<p>Desde ent\u00e3o, foram realizadas reuni\u00f5es para discutir a cria\u00e7\u00e3o desta associa\u00e7\u00e3o, estatuto, regimento entre outras quest\u00f5es, at\u00e9 que fosse organizada a assembleia geral de funda\u00e7\u00e3o da entidade.<\/p>\n<p>No dia 19 de novembro de 2013, em Jo\u00e3o Pessoa, foi fundada a AAPB e apresentado o estatuto da associa\u00e7\u00e3o. Na oportunidade, estiveram presentes discentes, docentes e profissionais da \u00e1rea, al\u00e9m das coordenadoras dos cursos de Arquivologia da UEPB e UFPB, que puderam sugerir melhorias a serem realizadas no documento que regulamenta as atividades da associa\u00e7\u00e3o.<\/p>\n","protected":false},"excerpt":{"rendered":"<p>Ap\u00f3s elei\u00e7\u00e3o realizada em setembro deste ano, ser\u00e1 empossada, no dia 11 de novembro, \u00e0s 18h30, no audit\u00f3rio 1 da Funda\u00e7\u00e3o Espa\u00e7o Cultural da Para\u00edba, a primeira gest\u00e3o da Associa\u00e7\u00e3o dos Arquivistas da Para\u00edba (AAPB) que conta com egressos e docentes do curso de Arquivologia da Universidade Estadual da Para\u00edba e Universidade Federal da Para\u00edba <a class=\"leiamais\" href=\"https:\/\/centros.uepb.edu.br\/ccbsa\/egressos-e-docentes-do-curso-de-arquivologia-sao-empossados-para-a-primeira-gestao-da-associacao-dos-arquivistas-da-paraiba\/\">Leia Mais&#8230;<\/a><\/p>\n","protected":false},"author":8,"featured_media":2393,"comment_status":"closed","ping_status":"closed","sticky":false,"template":"","format":"standard","meta":{"footnotes":""},"categories":[6],"tags":[],"class_list":["post-2392","post","type-post","status-publish","format-standard","has-post-thumbnail","hentry","category-slide"],"jetpack_featured_media_url":"https:\/\/centros.uepb.edu.br\/ccbsa\/files\/2015\/11\/12032095_1664755393767542_3730580272716905166_n.png","_links":{"self":[{"href":"https:\/\/centros.uepb.edu.br\/ccbsa\/wp-json\/wp\/v2\/posts\/2392","targetHints":{"allow":["GET"]}}],"collection":[{"href":"https:\/\/centros.uepb.edu.br\/ccbsa\/wp-json\/wp\/v2\/posts"}],"about":[{"href":"https:\/\/centros.uepb.edu.br\/ccbsa\/wp-json\/wp\/v2\/types\/post"}],"author":[{"embeddable":true,"href":"https:\/\/centros.uepb.edu.br\/ccbsa\/wp-json\/wp\/v2\/users\/8"}],"replies":[{"embeddable":true,"href":"https:\/\/centros.uepb.edu.br\/ccbsa\/wp-json\/wp\/v2\/comments?post=2392"}],"version-history":[{"count":0,"href":"https:\/\/centros.uepb.edu.br\/ccbsa\/wp-json\/wp\/v2\/posts\/2392\/revisions"}],"wp:featuredmedia":[{"embeddable":true,"href":"https:\/\/centros.uepb.edu.br\/ccbsa\/wp-json\/wp\/v2\/media\/2393"}],"wp:attachment":[{"href":"https:\/\/centros.uepb.edu.br\/ccbsa\/wp-json\/wp\/v2\/media?parent=2392"}],"wp:term":[{"taxonomy":"category","embeddable":true,"href":"https:\/\/centros.uepb.edu.br\/ccbsa\/wp-json\/wp\/v2\/categories?post=2392"},{"taxonomy":"post_tag","embeddable":true,"href":"https:\/\/centros.uepb.edu.br\/ccbsa\/wp-json\/wp\/v2\/tags?post=2392"}],"curies":[{"name":"wp","href":"https:\/\/api.w.org\/{rel}","templated":true}]}}