{"id":2382,"date":"2015-11-05T14:27:07","date_gmt":"2015-11-05T14:27:07","guid":{"rendered":"https:\/\/centros.uepb.edu.br\/ccbsa\/?p=2382"},"modified":"2015-11-05T14:33:52","modified_gmt":"2015-11-05T14:33:52","slug":"livro-de-docente-do-ccbsa-que-discute-teoria-politica-a-partir-da-obra-de-oliveiros-ferreira-sera-lancado-esse-mes","status":"publish","type":"post","link":"https:\/\/centros.uepb.edu.br\/ccbsa\/livro-de-docente-do-ccbsa-que-discute-teoria-politica-a-partir-da-obra-de-oliveiros-ferreira-sera-lancado-esse-mes\/","title":{"rendered":"Livro de docente do CCBSA que aborda teoria pol\u00edtica a partir da obra de Oliveiros Ferreira \u00e9 lan\u00e7ado esse m\u00eas"},"content":{"rendered":"<p>Ser\u00e1 lan\u00e7ado no pr\u00f3ximo dia 25 de novembro, \u00e0s 18h, na livraria da Editora da Universidade de S\u00e3o Paulo (Edusp) o livro sobre a obra do professor Oliveiros S. Ferreira. Organizado pelo docente da Universidade Estadual da Para\u00edba (UEPB), Carlos Enrique Ruiz Ferreira, a obra faz uma abordagem acerca da teoria pol\u00edtica, pensamento pol\u00edtico e hist\u00f3rico brasileiro e as Rela\u00e7\u00f5es Internacionais de um dos mais importantes pensadores das \u00faltimas d\u00e9cadas.<\/p>\n<p>\u201cBrasil, Teoria Pol\u00edtica e Rela\u00e7\u00f5es Internacionais em sua obra\u201d promove a pesquisa, o debate e a reflex\u00e3o sobre temas t\u00e3o fundamentais quanto instigantes, de forma que cada eixo fosse articulado a partir de an\u00e1lises dos livros escritos por Oliveiros S. Ferreira.<\/p>\n<p>Dentre os cap\u00edtulos do livro, Nossa Am\u00e9rica: Indoam\u00e9rica (1971) \u00e9 comentado por Bernardo Ricupero e Carlos Enrique Ruiz Ferreira; Os 45 Cavaleiros H\u00fangaros (1986), por Cicero Ara\u00fajo, Francisco Weffort e Raquel Kritsch; Vida e Morte do Partido Fardado (2000), por Leonardo Trevisan; Elos Partidos (2007), por Eli\u00e9zer Rizzo e Carlos Eduardo Lobo; A Crise da Pol\u00edtica Externa (2001), por Rubens Ricupero e Rafael Villa.<\/p>\n<p>Encerra a obra um ensaio in\u00e9dito de Oliveiros S. Ferreira, escrito especialmente para esta publica\u00e7\u00e3o. Ap\u00f3s o lan\u00e7amento do livro na capital paulista, a publica\u00e7\u00e3o ser\u00e1 apresentada em evento no Campus I da UEPB.<\/p>\n","protected":false},"excerpt":{"rendered":"<p>Ser\u00e1 lan\u00e7ado no pr\u00f3ximo dia 25 de novembro, \u00e0s 18h, na livraria da Editora da Universidade de S\u00e3o Paulo (Edusp) o livro sobre a obra do professor Oliveiros S. Ferreira. Organizado pelo docente da Universidade Estadual da Para\u00edba (UEPB), Carlos Enrique Ruiz Ferreira, a obra faz uma abordagem acerca da teoria pol\u00edtica, pensamento pol\u00edtico e <a class=\"leiamais\" href=\"https:\/\/centros.uepb.edu.br\/ccbsa\/livro-de-docente-do-ccbsa-que-discute-teoria-politica-a-partir-da-obra-de-oliveiros-ferreira-sera-lancado-esse-mes\/\">Leia Mais&#8230;<\/a><\/p>\n","protected":false},"author":8,"featured_media":0,"comment_status":"closed","ping_status":"closed","sticky":false,"template":"","format":"standard","meta":{"footnotes":""},"categories":[3,5],"tags":[],"class_list":["post-2382","post","type-post","status-publish","format-standard","hentry","category-noticias","category-visiveis"],"jetpack_featured_media_url":"","_links":{"self":[{"href":"https:\/\/centros.uepb.edu.br\/ccbsa\/wp-json\/wp\/v2\/posts\/2382","targetHints":{"allow":["GET"]}}],"collection":[{"href":"https:\/\/centros.uepb.edu.br\/ccbsa\/wp-json\/wp\/v2\/posts"}],"about":[{"href":"https:\/\/centros.uepb.edu.br\/ccbsa\/wp-json\/wp\/v2\/types\/post"}],"author":[{"embeddable":true,"href":"https:\/\/centros.uepb.edu.br\/ccbsa\/wp-json\/wp\/v2\/users\/8"}],"replies":[{"embeddable":true,"href":"https:\/\/centros.uepb.edu.br\/ccbsa\/wp-json\/wp\/v2\/comments?post=2382"}],"version-history":[{"count":0,"href":"https:\/\/centros.uepb.edu.br\/ccbsa\/wp-json\/wp\/v2\/posts\/2382\/revisions"}],"wp:attachment":[{"href":"https:\/\/centros.uepb.edu.br\/ccbsa\/wp-json\/wp\/v2\/media?parent=2382"}],"wp:term":[{"taxonomy":"category","embeddable":true,"href":"https:\/\/centros.uepb.edu.br\/ccbsa\/wp-json\/wp\/v2\/categories?post=2382"},{"taxonomy":"post_tag","embeddable":true,"href":"https:\/\/centros.uepb.edu.br\/ccbsa\/wp-json\/wp\/v2\/tags?post=2382"}],"curies":[{"name":"wp","href":"https:\/\/api.w.org\/{rel}","templated":true}]}}