{"id":2371,"date":"2015-11-05T11:10:00","date_gmt":"2015-11-05T11:10:00","guid":{"rendered":"https:\/\/centros.uepb.edu.br\/ccbsa\/?p=2371"},"modified":"2015-11-05T11:15:09","modified_gmt":"2015-11-05T11:15:09","slug":"curso-de-relacoes-internacionais-organiza-palestra-sobre-o-cenario-politico-nacional-na-atualidade","status":"publish","type":"post","link":"https:\/\/centros.uepb.edu.br\/ccbsa\/curso-de-relacoes-internacionais-organiza-palestra-sobre-o-cenario-politico-nacional-na-atualidade\/","title":{"rendered":"Curso de Rela\u00e7\u00f5es Internacionais organiza palestra sobre o cen\u00e1rio pol\u00edtico nacional na atualidade"},"content":{"rendered":"<p><a href=\"https:\/\/centros.uepb.edu.br\/ccbsa\/files\/2015\/11\/JOS\u00c9-CARLOS.jpg\"><img loading=\"lazy\" decoding=\"async\" class=\"alignleft size-thumbnail wp-image-2366 img-responsive\" src=\"https:\/\/centros.uepb.edu.br\/ccbsa\/files\/2015\/11\/JOS\u00c9-CARLOS-150x150.jpg\" alt=\"JOS\u00c9 CARLOS\" width=\"150\" height=\"150\" \/><\/a>A coordena\u00e7\u00e3o da gradua\u00e7\u00e3o em Rela\u00e7\u00f5es Internacionais em parceria com a coordena\u00e7\u00e3o do curso de Comunica\u00e7\u00e3o Social e a Pro-reitoria de P\u00f3s-gradua\u00e7\u00e3o e Pesquisa da Universidade Estadual da Para\u00edba, promovem, como parte das atividades do 22\u00ba Encontro de Inicia\u00e7\u00e3o Cient\u00edfica da UEPB, a palestra \u201cA grande m\u00eddia por tr\u00e1s da degenera\u00e7\u00e3o das institui\u00e7\u00f5es brasileiras: o resgate pelo pacto social\u201d, a ser ministrada pelo economista Jos\u00e9 Carlos de Assis, em duas edi\u00e7\u00f5es: no dia 11 de novembro, \u00e0s 16h, no audit\u00f3rio da Escola Superior da Magistratura, em Jo\u00e3o Pessoa e no dia 12 de novembro \u00e0s 15h30, no audit\u00f3rio 2 da central de aulas, em Campina Grande.<\/p>\n<p>Na oportunidade, o pesquisador Jos\u00e9 Carlos de Assis, que possui uma s\u00f3lida trajet\u00f3ria acad\u00eamica e profissional na imprensa escrita e economia, ir\u00e1 discutir o atual contexto pol\u00edtico brasileiro e os rumos da crise pol\u00edtica pela qual atravessa o pa\u00eds. O palestrante ir\u00e1 abordar a articula\u00e7\u00e3o que ele tem feito com setores empresariais do pa\u00eds para executar um plano de retomada do crescimento econ\u00f4mico brasileiro.<\/p>\n<p>Jos\u00e9 Carlos de Assis \u00e9 professor aposentado pela UEPB, tendo atuado como coordenador do curso de Rela\u00e7\u00f5es Internacionais. \u00c9 economista, mestre e doutor em Engenharia de Produ\u00e7\u00e3o pela Universidade Federal do Rio de Janeiro. Trabalhou nos principais jornais brasileiros (Folha de S\u00e3o Paulo, O Globo) na \u00e1rea do jornalismo econ\u00f4mico e \u00e9 autor de mais de vinte livros sobre economia, pol\u00edtica e jornalismo.<\/p>\n<p>Em 1983 recebeu o Pr\u00eamio Esso de Jornalismo com as reportagens sobre o caso Delfin. Atualmente colabora com v\u00e1rios blogs com as tem\u00e1ticas pol\u00edtica econ\u00f4mica e jornalismo.<\/p>\n<p>De acordo com o coordenador da gradua\u00e7\u00e3o em Rela\u00e7\u00f5es Internacionais da UEPB, professor Filipe Reis, o tema a ser abordado \u00e9 de grande import\u00e2ncia para a vida pol\u00edtica do pa\u00eds de modo que \u00e9 de interesse do p\u00fablico em geral, e em particular, dos estudantes universit\u00e1rios. O docente destaca ainda que \u201c\u00e9 uma oportunidade para que as pessoas escutem o profissional engajado que \u00e9 Jos\u00e9 Carlos de Assis que tem uma s\u00f3lida experi\u00eancia de trabalho na imprensa escrita e na economia. Al\u00e9m de ser uma forma de reconhecer a compet\u00eancia do professor Jos\u00e9 Carlos e, ao mesmo tempo, de fazer um agradecimento pela sua contribui\u00e7\u00e3o enquanto esteve na UEPB\u201d, pondera.<\/p>\n<p>As duas edi\u00e7\u00f5es da palestra s\u00e3o gratuitas e abertas ao p\u00fablico em geral, sem necessidade de inscri\u00e7\u00e3o pr\u00e9via.<\/p>\n","protected":false},"excerpt":{"rendered":"<p>A coordena\u00e7\u00e3o da gradua\u00e7\u00e3o em Rela\u00e7\u00f5es Internacionais em parceria com a coordena\u00e7\u00e3o do curso de Comunica\u00e7\u00e3o Social e a Pro-reitoria de P\u00f3s-gradua\u00e7\u00e3o e Pesquisa da Universidade Estadual da Para\u00edba, promovem, como parte das atividades do 22\u00ba Encontro de Inicia\u00e7\u00e3o Cient\u00edfica da UEPB, a palestra \u201cA grande m\u00eddia por tr\u00e1s da degenera\u00e7\u00e3o das institui\u00e7\u00f5es brasileiras: o <a class=\"leiamais\" href=\"https:\/\/centros.uepb.edu.br\/ccbsa\/curso-de-relacoes-internacionais-organiza-palestra-sobre-o-cenario-politico-nacional-na-atualidade\/\">Leia Mais&#8230;<\/a><\/p>\n","protected":false},"author":8,"featured_media":2366,"comment_status":"closed","ping_status":"closed","sticky":false,"template":"","format":"standard","meta":{"footnotes":""},"categories":[6],"tags":[],"class_list":["post-2371","post","type-post","status-publish","format-standard","has-post-thumbnail","hentry","category-slide"],"jetpack_featured_media_url":"https:\/\/centros.uepb.edu.br\/ccbsa\/files\/2015\/11\/JOS\u00c9-CARLOS.jpg","_links":{"self":[{"href":"https:\/\/centros.uepb.edu.br\/ccbsa\/wp-json\/wp\/v2\/posts\/2371","targetHints":{"allow":["GET"]}}],"collection":[{"href":"https:\/\/centros.uepb.edu.br\/ccbsa\/wp-json\/wp\/v2\/posts"}],"about":[{"href":"https:\/\/centros.uepb.edu.br\/ccbsa\/wp-json\/wp\/v2\/types\/post"}],"author":[{"embeddable":true,"href":"https:\/\/centros.uepb.edu.br\/ccbsa\/wp-json\/wp\/v2\/users\/8"}],"replies":[{"embeddable":true,"href":"https:\/\/centros.uepb.edu.br\/ccbsa\/wp-json\/wp\/v2\/comments?post=2371"}],"version-history":[{"count":0,"href":"https:\/\/centros.uepb.edu.br\/ccbsa\/wp-json\/wp\/v2\/posts\/2371\/revisions"}],"wp:featuredmedia":[{"embeddable":true,"href":"https:\/\/centros.uepb.edu.br\/ccbsa\/wp-json\/wp\/v2\/media\/2366"}],"wp:attachment":[{"href":"https:\/\/centros.uepb.edu.br\/ccbsa\/wp-json\/wp\/v2\/media?parent=2371"}],"wp:term":[{"taxonomy":"category","embeddable":true,"href":"https:\/\/centros.uepb.edu.br\/ccbsa\/wp-json\/wp\/v2\/categories?post=2371"},{"taxonomy":"post_tag","embeddable":true,"href":"https:\/\/centros.uepb.edu.br\/ccbsa\/wp-json\/wp\/v2\/tags?post=2371"}],"curies":[{"name":"wp","href":"https:\/\/api.w.org\/{rel}","templated":true}]}}