{"id":235,"date":"2013-06-14T19:49:33","date_gmt":"2013-06-14T19:49:33","guid":{"rendered":"\/ccbsa\/?p=235"},"modified":"2013-06-14T19:50:25","modified_gmt":"2013-06-14T19:50:25","slug":"coordenadores-de-programas-e-projetos-de-extensao-tem-ate-30-de-agosto-para-entregar-relatorio-final","status":"publish","type":"post","link":"https:\/\/centros.uepb.edu.br\/ccbsa\/coordenadores-de-programas-e-projetos-de-extensao-tem-ate-30-de-agosto-para-entregar-relatorio-final\/","title":{"rendered":"Coordenadores de programas e projetos de extens\u00e3o t\u00eam at\u00e9 30 de agosto para entregar relat\u00f3rio final"},"content":{"rendered":"<p>A Pr\u00f3-Reitoria de Extens\u00e3o e Assuntos Comunit\u00e1rios (PROEAC) da Universidade Estadual da Para\u00edba (UEPB) comunica aos coordenadores de Programas e Projetos de Extens\u00e3o da UEPB, contemplados com a Cota do PROBEX 2012\/2013, que a data para entrega do Relat\u00f3rio Final \u00e9 o dia 30 de agosto do ano em curso.<br \/>\nA PROEAC comunica ainda que o prazo para entrega do Relat\u00f3rio das Atividades e Presta\u00e7\u00e3o de Contas dos Projetos contemplados com o PROAPEX 2011\/2013, tamb\u00e9m \u00e9 dia 30 de agosto de 2013.<\/p>\n","protected":false},"excerpt":{"rendered":"<p>A Pr\u00f3-Reitoria de Extens\u00e3o e Assuntos Comunit\u00e1rios (PROEAC) da Universidade Estadual da Para\u00edba (UEPB) comunica aos coordenadores de Programas e Projetos de Extens\u00e3o da UEPB, contemplados com a Cota do PROBEX 2012\/2013, que a data para entrega do Relat\u00f3rio Final \u00e9 o dia 30 de agosto do ano em curso. A PROEAC comunica ainda que <a class=\"leiamais\" href=\"https:\/\/centros.uepb.edu.br\/ccbsa\/coordenadores-de-programas-e-projetos-de-extensao-tem-ate-30-de-agosto-para-entregar-relatorio-final\/\">Leia Mais&#8230;<\/a><\/p>\n","protected":false},"author":8,"featured_media":0,"comment_status":"open","ping_status":"open","sticky":false,"template":"","format":"standard","meta":{"footnotes":""},"categories":[3,5],"tags":[],"class_list":["post-235","post","type-post","status-publish","format-standard","hentry","category-noticias","category-visiveis"],"jetpack_featured_media_url":"","_links":{"self":[{"href":"https:\/\/centros.uepb.edu.br\/ccbsa\/wp-json\/wp\/v2\/posts\/235","targetHints":{"allow":["GET"]}}],"collection":[{"href":"https:\/\/centros.uepb.edu.br\/ccbsa\/wp-json\/wp\/v2\/posts"}],"about":[{"href":"https:\/\/centros.uepb.edu.br\/ccbsa\/wp-json\/wp\/v2\/types\/post"}],"author":[{"embeddable":true,"href":"https:\/\/centros.uepb.edu.br\/ccbsa\/wp-json\/wp\/v2\/users\/8"}],"replies":[{"embeddable":true,"href":"https:\/\/centros.uepb.edu.br\/ccbsa\/wp-json\/wp\/v2\/comments?post=235"}],"version-history":[{"count":0,"href":"https:\/\/centros.uepb.edu.br\/ccbsa\/wp-json\/wp\/v2\/posts\/235\/revisions"}],"wp:attachment":[{"href":"https:\/\/centros.uepb.edu.br\/ccbsa\/wp-json\/wp\/v2\/media?parent=235"}],"wp:term":[{"taxonomy":"category","embeddable":true,"href":"https:\/\/centros.uepb.edu.br\/ccbsa\/wp-json\/wp\/v2\/categories?post=235"},{"taxonomy":"post_tag","embeddable":true,"href":"https:\/\/centros.uepb.edu.br\/ccbsa\/wp-json\/wp\/v2\/tags?post=235"}],"curies":[{"name":"wp","href":"https:\/\/api.w.org\/{rel}","templated":true}]}}