{"id":2343,"date":"2014-11-14T16:04:46","date_gmt":"2014-11-14T16:04:46","guid":{"rendered":"https:\/\/centros.uepb.edu.br\/ccbsa\/?p=2343"},"modified":"2014-11-14T16:08:23","modified_gmt":"2014-11-14T16:08:23","slug":"mestrado-em-relacoes-internacionais-promove-oficina-sobre-blocos-economicos-no-continente-africano","status":"publish","type":"post","link":"https:\/\/centros.uepb.edu.br\/ccbsa\/mestrado-em-relacoes-internacionais-promove-oficina-sobre-blocos-economicos-no-continente-africano\/","title":{"rendered":"Mestrado em Rela\u00e7\u00f5es Internacionais promove oficina sobre blocos econ\u00f4micos no continente africano"},"content":{"rendered":"<p>O Mestrado em Rela\u00e7\u00f5es Internacionais (MRI) do Campus V da Universidade Estadual da Para\u00edba (UEPB), promove, neste m\u00eas de novembro, tr\u00eas sess\u00f5es da oficina \u201cForma\u00e7\u00e3o de blocos econ\u00f4micos e pol\u00edticos no continente africano: uma vis\u00e3o geral\u201d, a ser ministrada pelo professor doutor Deolindo de Barros.<\/p>\n<p>A atividade consiste em apresentar o regionalismo no continente africano, mostrando um panorama geral da constitui\u00e7\u00e3o dos blocos econ\u00f4micos e pol\u00edticos nas cinco grandes regi\u00f5es (\u00c1frica do Norte, \u00c1frica Ocidental, \u00c1frica Central, \u00c1frica Oriental e \u00c1frica Austral). Atrav\u00e9s de autores africanos e n\u00e3o africanos, ser\u00e3o debatidos avan\u00e7os e retrocessos desses blocos, as perspectivas e prospectivas no processo de integra\u00e7\u00e3o desse continente, no intuito de erradicar a sua marginaliza\u00e7\u00e3o e seu subdesenvolvimento.<\/p>\n<p>Conforme calend\u00e1rio estabelecido pelo MRI, a primeira sess\u00e3o da oficina acontece na pr\u00f3xima ter\u00e7a-feira (18). Na sess\u00e3o, ser\u00e1 discutido o tema \u201cComunidade econ\u00f4mica dos estados da \u00c1frica Ocidental\u201d. J\u00e1 a segunda sess\u00e3o est\u00e1 programada para o dia 25 de novembro, quando ser\u00e3o debatidas as tem\u00e1ticas \u201cComunidade para o desenvolvimento da \u00c1frica Austral\u201d e \u201cMercado comum da \u00c1frica Oriental e Austral\u201d. A terceira sess\u00e3o ser\u00e1 realizada no dia 28 de novembro, com debate sobre \u201cUni\u00e3o do Magreb \u00c1rabe\u201d e \u201cComunidade econ\u00f4mica dos estados da \u00c1frica Central\u201d. Todas as sess\u00f5es ser\u00e3o realizadas no Audit\u00f3rio Pioneiros e ocorrem no hor\u00e1rio das 14h \u00e0s 17h.<\/p>\n","protected":false},"excerpt":{"rendered":"<p>O Mestrado em Rela\u00e7\u00f5es Internacionais (MRI) do Campus V da Universidade Estadual da Para\u00edba (UEPB), promove, neste m\u00eas de novembro, tr\u00eas sess\u00f5es da oficina \u201cForma\u00e7\u00e3o de blocos econ\u00f4micos e pol\u00edticos no continente africano: uma vis\u00e3o geral\u201d, a ser ministrada pelo professor doutor Deolindo de Barros. A atividade consiste em apresentar o regionalismo no continente africano, <a class=\"leiamais\" href=\"https:\/\/centros.uepb.edu.br\/ccbsa\/mestrado-em-relacoes-internacionais-promove-oficina-sobre-blocos-economicos-no-continente-africano\/\">Leia Mais&#8230;<\/a><\/p>\n","protected":false},"author":8,"featured_media":0,"comment_status":"closed","ping_status":"closed","sticky":false,"template":"","format":"standard","meta":{"footnotes":""},"categories":[3,5],"tags":[],"class_list":["post-2343","post","type-post","status-publish","format-standard","hentry","category-noticias","category-visiveis"],"jetpack_featured_media_url":"","_links":{"self":[{"href":"https:\/\/centros.uepb.edu.br\/ccbsa\/wp-json\/wp\/v2\/posts\/2343","targetHints":{"allow":["GET"]}}],"collection":[{"href":"https:\/\/centros.uepb.edu.br\/ccbsa\/wp-json\/wp\/v2\/posts"}],"about":[{"href":"https:\/\/centros.uepb.edu.br\/ccbsa\/wp-json\/wp\/v2\/types\/post"}],"author":[{"embeddable":true,"href":"https:\/\/centros.uepb.edu.br\/ccbsa\/wp-json\/wp\/v2\/users\/8"}],"replies":[{"embeddable":true,"href":"https:\/\/centros.uepb.edu.br\/ccbsa\/wp-json\/wp\/v2\/comments?post=2343"}],"version-history":[{"count":0,"href":"https:\/\/centros.uepb.edu.br\/ccbsa\/wp-json\/wp\/v2\/posts\/2343\/revisions"}],"wp:attachment":[{"href":"https:\/\/centros.uepb.edu.br\/ccbsa\/wp-json\/wp\/v2\/media?parent=2343"}],"wp:term":[{"taxonomy":"category","embeddable":true,"href":"https:\/\/centros.uepb.edu.br\/ccbsa\/wp-json\/wp\/v2\/categories?post=2343"},{"taxonomy":"post_tag","embeddable":true,"href":"https:\/\/centros.uepb.edu.br\/ccbsa\/wp-json\/wp\/v2\/tags?post=2343"}],"curies":[{"name":"wp","href":"https:\/\/api.w.org\/{rel}","templated":true}]}}