{"id":2335,"date":"2014-11-10T15:45:32","date_gmt":"2014-11-10T15:45:32","guid":{"rendered":"https:\/\/centros.uepb.edu.br\/ccbsa\/?p=2335"},"modified":"2014-11-10T15:48:46","modified_gmt":"2014-11-10T15:48:46","slug":"estudantes-do-campus-v-participam-de-encontro-de-iniciacao-cientifica-em-campina-grande","status":"publish","type":"post","link":"https:\/\/centros.uepb.edu.br\/ccbsa\/estudantes-do-campus-v-participam-de-encontro-de-iniciacao-cientifica-em-campina-grande\/","title":{"rendered":"Estudantes do Campus V participam de encontro de Inicia\u00e7\u00e3o Cient\u00edfica em Campina Grande"},"content":{"rendered":"<p>O 21\u00b0 Encontro de Inicia\u00e7\u00e3o Cient\u00edfica da Universidade Estadual da Para\u00edba (UEPB), ser\u00e1 realizado entre os dias 10 e 12 de novembro, no Centro de Integra\u00e7\u00e3o Acad\u00eamica, no Campus de Bodocong\u00f3, com o tema\u00a0\u201cPesquisa e sociedade: intera\u00e7\u00e3o e desafios\u201d, no intuito de comemorar a expans\u00e3o da pesquisa na Universidade.<\/p>\n<p>Duas vans sair\u00e3o de Jo\u00e3o Pessoa\u00a0nesta ter\u00e7a-feira (11\/11), \u00e0s 06:00h, levando um total de 28 alunos participantes de Projetos de Inicia\u00e7\u00e3o Cient\u00edfica (PIBIC) do Campus V, com retorno programado para quarta-feira \u00e0s 18:00h. A universidade oferecer\u00e1 alimenta\u00e7\u00e3o e alojamento para os alunos envolvidos. A lista dos representantes de cada projeto est\u00e1 dispon\u00edvel no link:\u00a0[wpfilebase tag=file id=116 \/]A Dire\u00e7\u00e3o do centro solicita que os alunos listados comuniquem eventuais desist\u00eancias, para melhor ajuste das vagas do transporte.<\/p>\n<p>Constam da programa\u00e7\u00e3o minicursos (que ser\u00e3o oferecidos nos turnos da manh\u00e3 e da tarde), palestras, apresenta\u00e7\u00e3o de trabalhos dos alunos de Inicia\u00e7\u00e3o Cientifica, al\u00e9m de momentos culturais. Os interessados em se inscrever nos minicursos devem acessar o site do evento (<a title=\"http:\/\/congresso.uepb.edu.br\/pibic\/\" href=\"http:\/\/congresso.uepb.edu.br\/pibic\/\" target=\"_blank\">http:\/\/congresso.uepb.edu.br\/pibic\/<\/a>) e clicar no menu\u00a0\u201cInscri\u00e7\u00f5es\u201d.<\/p>\n<p>A\u00a0programa\u00e7\u00e3o completa do evento j\u00e1 est\u00e1 dispon\u00edvel no site do Encontro de Inicia\u00e7\u00e3o Cient\u00edfica. Entre os assuntos a serem abordados nas atividades est\u00e3o \u201cDesenvolvimento Tecnol\u00f3gico e Inova\u00e7\u00e3o Industrial\u201d, \u201cNanotecnologia como ferramenta de inova\u00e7\u00e3o tecnol\u00f3gica para o desenvolvimento de sistemas inteligentes\u201d, \u201cBacia Hidrogr\u00e1fica Federal e Estaduais\u201d, \u201cTecnologias 3D\/Prototipagem R\u00e1pida\u201d, \u201cA Torre de Babel Tropical: L\u00ednguas no Brasil Col\u00f4nia\u201d, \u201cMedicamentos naturais\u201d, entre outros.<\/p>\n<p>Outras informa\u00e7\u00f5es: (83) 3223-1128.<\/p>\n","protected":false},"excerpt":{"rendered":"<p>O 21\u00b0 Encontro de Inicia\u00e7\u00e3o Cient\u00edfica da Universidade Estadual da Para\u00edba (UEPB), ser\u00e1 realizado entre os dias 10 e 12 de novembro, no Centro de Integra\u00e7\u00e3o Acad\u00eamica, no Campus de Bodocong\u00f3, com o tema\u00a0\u201cPesquisa e sociedade: intera\u00e7\u00e3o e desafios\u201d, no intuito de comemorar a expans\u00e3o da pesquisa na Universidade. Duas vans sair\u00e3o de Jo\u00e3o Pessoa\u00a0nesta <a class=\"leiamais\" href=\"https:\/\/centros.uepb.edu.br\/ccbsa\/estudantes-do-campus-v-participam-de-encontro-de-iniciacao-cientifica-em-campina-grande\/\">Leia Mais&#8230;<\/a><\/p>\n","protected":false},"author":8,"featured_media":0,"comment_status":"closed","ping_status":"closed","sticky":false,"template":"","format":"standard","meta":{"footnotes":""},"categories":[3,1,5],"tags":[],"class_list":["post-2335","post","type-post","status-publish","format-standard","hentry","category-noticias","category-sem-categoria","category-visiveis"],"jetpack_featured_media_url":"","_links":{"self":[{"href":"https:\/\/centros.uepb.edu.br\/ccbsa\/wp-json\/wp\/v2\/posts\/2335","targetHints":{"allow":["GET"]}}],"collection":[{"href":"https:\/\/centros.uepb.edu.br\/ccbsa\/wp-json\/wp\/v2\/posts"}],"about":[{"href":"https:\/\/centros.uepb.edu.br\/ccbsa\/wp-json\/wp\/v2\/types\/post"}],"author":[{"embeddable":true,"href":"https:\/\/centros.uepb.edu.br\/ccbsa\/wp-json\/wp\/v2\/users\/8"}],"replies":[{"embeddable":true,"href":"https:\/\/centros.uepb.edu.br\/ccbsa\/wp-json\/wp\/v2\/comments?post=2335"}],"version-history":[{"count":0,"href":"https:\/\/centros.uepb.edu.br\/ccbsa\/wp-json\/wp\/v2\/posts\/2335\/revisions"}],"wp:attachment":[{"href":"https:\/\/centros.uepb.edu.br\/ccbsa\/wp-json\/wp\/v2\/media?parent=2335"}],"wp:term":[{"taxonomy":"category","embeddable":true,"href":"https:\/\/centros.uepb.edu.br\/ccbsa\/wp-json\/wp\/v2\/categories?post=2335"},{"taxonomy":"post_tag","embeddable":true,"href":"https:\/\/centros.uepb.edu.br\/ccbsa\/wp-json\/wp\/v2\/tags?post=2335"}],"curies":[{"name":"wp","href":"https:\/\/api.w.org\/{rel}","templated":true}]}}