{"id":2325,"date":"2014-10-14T19:58:10","date_gmt":"2014-10-14T19:58:10","guid":{"rendered":"https:\/\/centros.uepb.edu.br\/ccbsa\/?p=2325"},"modified":"2014-10-15T00:38:38","modified_gmt":"2014-10-15T00:38:38","slug":"reitoria-publica-portaria-regulamentando-expediente-nos-dias-do-professor-e-do-servidor-publico-3","status":"publish","type":"post","link":"https:\/\/centros.uepb.edu.br\/ccbsa\/reitoria-publica-portaria-regulamentando-expediente-nos-dias-do-professor-e-do-servidor-publico-3\/","title":{"rendered":"Reitoria publica portaria regulamentando expediente nos dias do Professor e do Servidor P\u00fablico"},"content":{"rendered":"<p>A Reitoria da Universidade Estadual da Para\u00edba (UEPB) divulgou portaria regulamentando o expediente na Institui\u00e7\u00e3o nas datas alusivas ao Dia do Professor e ao Dia do Servidor P\u00fablico.<\/p>\n<p>De acordo com a Portaria 0631\/2014, considerando a excepcionalidade do calend\u00e1rio acad\u00eamico do per\u00edodo 2014.2, as comemora\u00e7\u00f5es relativas ao Dia do Professor foram transferidas do dia 15 de outubro para o dia 27 de outubro, quando ser\u00e1 ponto facultativo em todos os c\u00e2mpus da UEPB, assim como o dia 28 de outubro, data comemorativa do Dia do Servidor.<\/p>\n<p>Desta forma, as atividades docentes ocorrer\u00e3o normalmente no dia 15 de outubro e os dias 27 e 28 de outubro ser\u00e3o ponto facultativo no \u00e2mbito da Institui\u00e7\u00e3o.<\/p>\n<p>Confira a Portaria clicando AQ<a title=\"AQUI\" href=\"http:\/\/file:\/\/\/C:\/Users\/Cassiane\/Downloads\/Portaria%200631-2014%20-%20Disp%C3%B5e%20sobre%20o%20expediente%20do%20Dia%20do%20Professor%20(1).PDF\" target=\"_blank\">UI<\/a>.<\/p>\n","protected":false},"excerpt":{"rendered":"<p>A Reitoria da Universidade Estadual da Para\u00edba (UEPB) divulgou portaria regulamentando o expediente na Institui\u00e7\u00e3o nas datas alusivas ao Dia do Professor e ao Dia do Servidor P\u00fablico. De acordo com a Portaria 0631\/2014, considerando a excepcionalidade do calend\u00e1rio acad\u00eamico do per\u00edodo 2014.2, as comemora\u00e7\u00f5es relativas ao Dia do Professor foram transferidas do dia 15 <a class=\"leiamais\" href=\"https:\/\/centros.uepb.edu.br\/ccbsa\/reitoria-publica-portaria-regulamentando-expediente-nos-dias-do-professor-e-do-servidor-publico-3\/\">Leia Mais&#8230;<\/a><\/p>\n","protected":false},"author":8,"featured_media":0,"comment_status":"closed","ping_status":"closed","sticky":false,"template":"","format":"standard","meta":{"footnotes":""},"categories":[3,5],"tags":[],"class_list":["post-2325","post","type-post","status-publish","format-standard","hentry","category-noticias","category-visiveis"],"jetpack_featured_media_url":"","_links":{"self":[{"href":"https:\/\/centros.uepb.edu.br\/ccbsa\/wp-json\/wp\/v2\/posts\/2325","targetHints":{"allow":["GET"]}}],"collection":[{"href":"https:\/\/centros.uepb.edu.br\/ccbsa\/wp-json\/wp\/v2\/posts"}],"about":[{"href":"https:\/\/centros.uepb.edu.br\/ccbsa\/wp-json\/wp\/v2\/types\/post"}],"author":[{"embeddable":true,"href":"https:\/\/centros.uepb.edu.br\/ccbsa\/wp-json\/wp\/v2\/users\/8"}],"replies":[{"embeddable":true,"href":"https:\/\/centros.uepb.edu.br\/ccbsa\/wp-json\/wp\/v2\/comments?post=2325"}],"version-history":[{"count":0,"href":"https:\/\/centros.uepb.edu.br\/ccbsa\/wp-json\/wp\/v2\/posts\/2325\/revisions"}],"wp:attachment":[{"href":"https:\/\/centros.uepb.edu.br\/ccbsa\/wp-json\/wp\/v2\/media?parent=2325"}],"wp:term":[{"taxonomy":"category","embeddable":true,"href":"https:\/\/centros.uepb.edu.br\/ccbsa\/wp-json\/wp\/v2\/categories?post=2325"},{"taxonomy":"post_tag","embeddable":true,"href":"https:\/\/centros.uepb.edu.br\/ccbsa\/wp-json\/wp\/v2\/tags?post=2325"}],"curies":[{"name":"wp","href":"https:\/\/api.w.org\/{rel}","templated":true}]}}