{"id":231,"date":"2013-06-14T19:39:41","date_gmt":"2013-06-14T19:39:41","guid":{"rendered":"\/ccbsa\/?p=231"},"modified":"2013-06-14T19:53:23","modified_gmt":"2013-06-14T19:53:23","slug":"diretores-coordenadores-e-servidores-do-campus-de-joao-pessoa-participam-de-treinamento-de-midia","status":"publish","type":"post","link":"https:\/\/centros.uepb.edu.br\/ccbsa\/diretores-coordenadores-e-servidores-do-campus-de-joao-pessoa-participam-de-treinamento-de-midia\/","title":{"rendered":"Diretores, coordenadores e servidores do Campus de Jo\u00e3o Pessoa participam de treinamento de m\u00eddia"},"content":{"rendered":"<p><a href=\"http:\/\/centros.ascom.uepb.edu.br\/ccbsa\/files\/2013\/06\/MEDIA-TRAINING.jpg\"><img loading=\"lazy\" decoding=\"async\" class=\"size-thumbnail wp-image-232 alignleft img-responsive\" alt=\"MEDIA TRAINING\" src=\"http:\/\/centros.ascom.uepb.edu.br\/ccbsa\/files\/2013\/06\/MEDIA-TRAINING-150x150.jpg\" width=\"150\" height=\"150\" \/><\/a>Gaguejar durante entrevistas, ter d\u00favidas sobre qual informa\u00e7\u00e3o fornecer aos jornalistas, sobretudo em situa\u00e7\u00f5es de crise, como se posicionar diante de lentes de fot\u00f3grafos e utilizar de forma favor\u00e1vel a linguagem n\u00e3o-verbal, como melhorar a fluidez no processo de comunica\u00e7\u00e3o interna e externa da institui\u00e7\u00e3o, essas s\u00e3o algumas quest\u00f5es que atormentam gestores de v\u00e1rias institui\u00e7\u00f5es que se v\u00eaem diante da necessidade de lidar com a m\u00eddia, que nortearam o Treinamento de M\u00eddia, destinados a gestores e servidores do Campus V da Universidade Estadual da Para\u00edba.<\/p>\n<p>A atividade foi organizada pela Assessoria de Comunica\u00e7\u00e3o do Centro de Ci\u00eancias Biol\u00f3gicas e Sociais Aplicadas, ministrada pela assessora Juliana Marques, com o intuito de aprimorar a divulga\u00e7\u00e3o das atividades e o processo de comunica\u00e7\u00e3o interna e externa do Campus V. \u201cAcredito que o processo de comunica\u00e7\u00e3o institucional deve envolver n\u00e3o apenas os gestores, mas, todos os servidores que direta ou indiretamente lidam com a informa\u00e7\u00e3o. E no relacionamento com a imprensa, assim como em toda rela\u00e7\u00e3o, existem particularidades que, se familiarizadas, s\u00e3o facilmente vencidas. Esse treinamento foi organizado com essa inten\u00e7\u00e3o\u201d, afirma a assessora.<\/p>\n<p>O diretor do Centro de Ci\u00eancias Biol\u00f3gicas e Sociais Aplicadas, professor Francisco Jaime, destacou a import\u00e2ncia desta iniciativa como forma de preparar o p\u00fablico do Campus V para saber lidar com a informa\u00e7\u00e3o, e preservar a boa imagem institucional, al\u00e9m de conhecer o verdadeiro papel da assessoria de comunica\u00e7\u00e3o.<\/p>\n<p>Para a secret\u00e1ria do curso de Arquivologia, Daniela Duarte, este evento auxilia na tomada de decis\u00f5es relacionadas \u00e0s atividades de divulga\u00e7\u00e3o e comunica\u00e7\u00e3o, na medida em que envolvem todos os servidores nesta a\u00e7\u00e3o. \u201cAl\u00e9m de ter um conte\u00fado relevante, despertou a reflex\u00e3o sobre a import\u00e2ncia de n\u00f3s, enquanto servidores da institui\u00e7\u00e3o, tomarmos conhecimento sobre o nosso setor e as nossas atividades para lidarmos melhor com as informa\u00e7\u00f5es\u201d, destaca.<\/p>\n<p>Na oportunidade, foi apresentado o site do CCBSA (<a href=\"https:\/\/centros.uepb.edu.br\/ccbsa\">centros.uepb.edu.br\/ccbsa<\/a>), que re\u00fane informa\u00e7\u00f5es referentes aos diversos setores que comp\u00f5em o Campus V, um espa\u00e7o de divulga\u00e7\u00e3o de a\u00e7\u00f5es e contato direto com a comunidade acad\u00eamica. A p\u00e1gina est\u00e1 em fase de ajustes finais, mas, j\u00e1 pode ser acessada pelo p\u00fablico.<\/p>\n","protected":false},"excerpt":{"rendered":"<p>Gaguejar durante entrevistas, ter d\u00favidas sobre qual informa\u00e7\u00e3o fornecer aos jornalistas, sobretudo em situa\u00e7\u00f5es de crise, como se posicionar diante de lentes de fot\u00f3grafos e utilizar de forma favor\u00e1vel a linguagem n\u00e3o-verbal, como melhorar a fluidez no processo de comunica\u00e7\u00e3o interna e externa da institui\u00e7\u00e3o, essas s\u00e3o algumas quest\u00f5es que atormentam gestores de v\u00e1rias institui\u00e7\u00f5es <a class=\"leiamais\" href=\"https:\/\/centros.uepb.edu.br\/ccbsa\/diretores-coordenadores-e-servidores-do-campus-de-joao-pessoa-participam-de-treinamento-de-midia\/\">Leia Mais&#8230;<\/a><\/p>\n","protected":false},"author":8,"featured_media":0,"comment_status":"open","ping_status":"open","sticky":false,"template":"","format":"standard","meta":{"footnotes":""},"categories":[3,5],"tags":[],"class_list":["post-231","post","type-post","status-publish","format-standard","hentry","category-noticias","category-visiveis"],"jetpack_featured_media_url":"","_links":{"self":[{"href":"https:\/\/centros.uepb.edu.br\/ccbsa\/wp-json\/wp\/v2\/posts\/231","targetHints":{"allow":["GET"]}}],"collection":[{"href":"https:\/\/centros.uepb.edu.br\/ccbsa\/wp-json\/wp\/v2\/posts"}],"about":[{"href":"https:\/\/centros.uepb.edu.br\/ccbsa\/wp-json\/wp\/v2\/types\/post"}],"author":[{"embeddable":true,"href":"https:\/\/centros.uepb.edu.br\/ccbsa\/wp-json\/wp\/v2\/users\/8"}],"replies":[{"embeddable":true,"href":"https:\/\/centros.uepb.edu.br\/ccbsa\/wp-json\/wp\/v2\/comments?post=231"}],"version-history":[{"count":0,"href":"https:\/\/centros.uepb.edu.br\/ccbsa\/wp-json\/wp\/v2\/posts\/231\/revisions"}],"wp:attachment":[{"href":"https:\/\/centros.uepb.edu.br\/ccbsa\/wp-json\/wp\/v2\/media?parent=231"}],"wp:term":[{"taxonomy":"category","embeddable":true,"href":"https:\/\/centros.uepb.edu.br\/ccbsa\/wp-json\/wp\/v2\/categories?post=231"},{"taxonomy":"post_tag","embeddable":true,"href":"https:\/\/centros.uepb.edu.br\/ccbsa\/wp-json\/wp\/v2\/tags?post=231"}],"curies":[{"name":"wp","href":"https:\/\/api.w.org\/{rel}","templated":true}]}}