{"id":2309,"date":"2014-10-14T12:10:56","date_gmt":"2014-10-14T12:10:56","guid":{"rendered":"https:\/\/centros.uepb.edu.br\/ccbsa\/?p=2309"},"modified":"2014-10-15T00:35:22","modified_gmt":"2014-10-15T00:35:22","slug":"empossados-novos-diretores-e-coordenadores-de-cursos-do-campus-v","status":"publish","type":"post","link":"https:\/\/centros.uepb.edu.br\/ccbsa\/empossados-novos-diretores-e-coordenadores-de-cursos-do-campus-v\/","title":{"rendered":"Empossados novos diretores e coordenadores de cursos do Campus V"},"content":{"rendered":"<p style=\"text-align: justify\">Os novos diretores do Centro de Ci\u00eancias Biol\u00f3gicas e Sociais Aplicadas (CCBSA) da Universidade Estadual da Para\u00edba (UEPB), bem como os novos coordenadores de cursos que comp\u00f5em o Centro, foram empossados na quarta-feira (8), em solenidade presidida pelo Reitor Rangel Junior, que entregou aos docentes eleitos \u00e0s portarias de nomea\u00e7\u00e3o que os colocam na condi\u00e7\u00e3o de gestores.<\/p>\n<p style=\"text-align: justify\">Na dire\u00e7\u00e3o do CCBSA, tomaram posse para o segundo mandato o professor Francisco Jaime Bezerra Mendon\u00e7a J\u00fanior e a professora Giuliana Dias Vieira. J\u00e1 na coordena\u00e7\u00e3o do Curso de Arquivologia, assumiram os docentes Esmeralda Porf\u00edrio Salles e Antonio Germano Ramalho. Os professores Daniela Santos Pontes e Cleber Ibraim Salimon foram empossados na coordena\u00e7\u00e3o do Curso de Ci\u00eancias Biol\u00f3gicas. Na coordena\u00e7\u00e3o do Curso de Rela\u00e7\u00f5es Internacionais foram empossados os professores Filipe Reis Melo e Lenira Costa Madruga.<\/p>\n","protected":false},"excerpt":{"rendered":"<p>Os novos diretores do Centro de Ci\u00eancias Biol\u00f3gicas e Sociais Aplicadas (CCBSA) da Universidade Estadual da Para\u00edba (UEPB), bem como os novos coordenadores de cursos que comp\u00f5em o Centro, foram empossados na quarta-feira (8), em solenidade presidida pelo Reitor Rangel Junior, que entregou aos docentes eleitos \u00e0s portarias de nomea\u00e7\u00e3o que os colocam na condi\u00e7\u00e3o <a class=\"leiamais\" href=\"https:\/\/centros.uepb.edu.br\/ccbsa\/empossados-novos-diretores-e-coordenadores-de-cursos-do-campus-v\/\">Leia Mais&#8230;<\/a><\/p>\n","protected":false},"author":8,"featured_media":0,"comment_status":"closed","ping_status":"closed","sticky":false,"template":"","format":"standard","meta":{"footnotes":""},"categories":[3,5],"tags":[],"class_list":["post-2309","post","type-post","status-publish","format-standard","hentry","category-noticias","category-visiveis"],"jetpack_featured_media_url":"","_links":{"self":[{"href":"https:\/\/centros.uepb.edu.br\/ccbsa\/wp-json\/wp\/v2\/posts\/2309","targetHints":{"allow":["GET"]}}],"collection":[{"href":"https:\/\/centros.uepb.edu.br\/ccbsa\/wp-json\/wp\/v2\/posts"}],"about":[{"href":"https:\/\/centros.uepb.edu.br\/ccbsa\/wp-json\/wp\/v2\/types\/post"}],"author":[{"embeddable":true,"href":"https:\/\/centros.uepb.edu.br\/ccbsa\/wp-json\/wp\/v2\/users\/8"}],"replies":[{"embeddable":true,"href":"https:\/\/centros.uepb.edu.br\/ccbsa\/wp-json\/wp\/v2\/comments?post=2309"}],"version-history":[{"count":0,"href":"https:\/\/centros.uepb.edu.br\/ccbsa\/wp-json\/wp\/v2\/posts\/2309\/revisions"}],"wp:attachment":[{"href":"https:\/\/centros.uepb.edu.br\/ccbsa\/wp-json\/wp\/v2\/media?parent=2309"}],"wp:term":[{"taxonomy":"category","embeddable":true,"href":"https:\/\/centros.uepb.edu.br\/ccbsa\/wp-json\/wp\/v2\/categories?post=2309"},{"taxonomy":"post_tag","embeddable":true,"href":"https:\/\/centros.uepb.edu.br\/ccbsa\/wp-json\/wp\/v2\/tags?post=2309"}],"curies":[{"name":"wp","href":"https:\/\/api.w.org\/{rel}","templated":true}]}}