{"id":2298,"date":"2014-10-08T14:41:52","date_gmt":"2014-10-08T14:41:52","guid":{"rendered":"https:\/\/centros.uepb.edu.br\/ccbsa\/?p=2298"},"modified":"2014-10-08T14:47:47","modified_gmt":"2014-10-08T14:47:47","slug":"campus-v-promove-evento-para-discutir-o-futebol-profissional-na-paraiba","status":"publish","type":"post","link":"https:\/\/centros.uepb.edu.br\/ccbsa\/campus-v-promove-evento-para-discutir-o-futebol-profissional-na-paraiba\/","title":{"rendered":"Campus V promove evento para discutir o futebol profissional na Para\u00edba"},"content":{"rendered":"<p style=\"text-align: justify\"><a href=\"https:\/\/centros.uepb.edu.br\/ccbsa\/files\/2014\/10\/imagem-evento-editada.jpg\"><img loading=\"lazy\" decoding=\"async\" class=\"alignleft size-thumbnail wp-image-2299 img-responsive\" src=\"https:\/\/centros.uepb.edu.br\/ccbsa\/files\/2014\/10\/imagem-evento-editada-150x150.jpg\" alt=\"imagem evento - editada\" width=\"150\" height=\"150\" \/><\/a>Discutir o futebol profissional paraibano a partir das iniciativas de Federa\u00e7\u00e3o Paraibana de Futebol (FPF) e da Confedera\u00e7\u00e3o Brasileira de Futebol (CBF), buscando construir um modelo de gest\u00e3o esportiva inovador e sustent\u00e1vel. Esse \u00e9 o principal objetivo do \u201c1\u00ba Semin\u00e1rio pensando o futebol profissional da Para\u00edba: desafios para a constru\u00e7\u00e3o de um modelo sustent\u00e1vel de gest\u00e3o do futebol paraibano\u201d, que ser\u00e1 realizado nos dias 14 e 15 de outubro, no Audit\u00f3rio do Campus V da Universidade Estadual da Para\u00edba (UEPB), localizado \u00e0 Rua Hor\u00e1cio Trajano de Oliveira, em Jo\u00e3o Pessoa.<\/p>\n<p style=\"text-align: justify\">Durante o evento ser\u00e3o realizadas palestras e mesas redondas com a participa\u00e7\u00e3o de representantes da FPF, gestores de clubes de futebol da primeira e segunda divis\u00f5es da Para\u00edba, cronistas esportivos do Estado, secret\u00e1rios de esporte e lazer e seguran\u00e7a p\u00fablica do Estado e de munic\u00edpios paraibanos, associa\u00e7\u00e3o de \u00e1rbitros da Para\u00edba, t\u00e9cnicos, jogadores de futebol e demais interessados na tem\u00e1tica. As inscri\u00e7\u00f5es para o semin\u00e1rio s\u00e3o gratuitas e est\u00e3o sendo realizadas atrav\u00e9s do site do evento (<a href=\"http:\/\/www.seminariofutebolparaibano.uepb.edu.br\" target=\"_blank\">www.seminariofutebolparaibano.uepb.edu.br<\/a>).<\/p>\n<p style=\"text-align: justify\">De acordo com o coordenador do evento, professor Francisco de Assis Bezerra, a idealiza\u00e7\u00e3o do semin\u00e1rio teve in\u00edcio ap\u00f3s o fracasso brasileiro na Copa de 2014 e diante da participa\u00e7\u00e3o irrelevante do futebol paraibano no campeonato nacional, despertando nele, que \u00e9 apaixonado por futebol, o interesse em realizar um evento que discutisse perspectivas de melhorias nesse cen\u00e1rio.<\/p>\n<p style=\"text-align: justify\">Segundo o docente, a pretens\u00e3o \u00e9 que gestores e t\u00e9cnicos de clubes que s\u00e3o modelos de inova\u00e7\u00e3o e gest\u00e3o para o futebol brasileiro tamb\u00e9m compartilhem com os participantes do evento as iniciativas exitosas empreendidas. Ao final do semin\u00e1rio ser\u00e1 elaborada a \u201cCarta de Jo\u00e3o Pessoa\u201d, que ir\u00e1 nortear a linha de a\u00e7\u00e3o, a partir das discuss\u00f5es realizadas, para o futebol paraibano nos pr\u00f3ximos tr\u00eas anos.<\/p>\n<p style=\"text-align: justify\">Promovido com o apoio da dire\u00e7\u00e3o do Centro de Ci\u00eancias Biol\u00f3gicas e Sociais Aplicadas (CCBSA) e Pr\u00f3-Reitoria de Extens\u00e3o (PROEX) da UEPB, a perspectiva \u00e9 que esse semin\u00e1rio seja realizado por tr\u00eas anos consecutivos, contando com a participa\u00e7\u00e3o de discentes, docentes e t\u00e9cnicos administrativos do CCBSA nas atividades de organiza\u00e7\u00e3o.<\/p>\n<p style=\"text-align: justify\">Confira mais informa\u00e7\u00f5es no link [wpfilebase tag=fileurl id=109 linktext=&#8217; &#8216;\/]:<\/p>\n","protected":false},"excerpt":{"rendered":"<p>Discutir o futebol profissional paraibano a partir das iniciativas de Federa\u00e7\u00e3o Paraibana de Futebol (FPF) e da Confedera\u00e7\u00e3o Brasileira de Futebol (CBF), buscando construir um modelo de gest\u00e3o esportiva inovador e sustent\u00e1vel. Esse \u00e9 o principal objetivo do \u201c1\u00ba Semin\u00e1rio pensando o futebol profissional da Para\u00edba: desafios para a constru\u00e7\u00e3o de um modelo sustent\u00e1vel de <a class=\"leiamais\" href=\"https:\/\/centros.uepb.edu.br\/ccbsa\/campus-v-promove-evento-para-discutir-o-futebol-profissional-na-paraiba\/\">Leia Mais&#8230;<\/a><\/p>\n","protected":false},"author":8,"featured_media":2299,"comment_status":"closed","ping_status":"closed","sticky":false,"template":"","format":"standard","meta":{"footnotes":""},"categories":[3,6],"tags":[],"class_list":["post-2298","post","type-post","status-publish","format-standard","has-post-thumbnail","hentry","category-noticias","category-slide"],"jetpack_featured_media_url":"https:\/\/centros.uepb.edu.br\/ccbsa\/files\/2014\/10\/imagem-evento-editada.jpg","_links":{"self":[{"href":"https:\/\/centros.uepb.edu.br\/ccbsa\/wp-json\/wp\/v2\/posts\/2298","targetHints":{"allow":["GET"]}}],"collection":[{"href":"https:\/\/centros.uepb.edu.br\/ccbsa\/wp-json\/wp\/v2\/posts"}],"about":[{"href":"https:\/\/centros.uepb.edu.br\/ccbsa\/wp-json\/wp\/v2\/types\/post"}],"author":[{"embeddable":true,"href":"https:\/\/centros.uepb.edu.br\/ccbsa\/wp-json\/wp\/v2\/users\/8"}],"replies":[{"embeddable":true,"href":"https:\/\/centros.uepb.edu.br\/ccbsa\/wp-json\/wp\/v2\/comments?post=2298"}],"version-history":[{"count":0,"href":"https:\/\/centros.uepb.edu.br\/ccbsa\/wp-json\/wp\/v2\/posts\/2298\/revisions"}],"wp:featuredmedia":[{"embeddable":true,"href":"https:\/\/centros.uepb.edu.br\/ccbsa\/wp-json\/wp\/v2\/media\/2299"}],"wp:attachment":[{"href":"https:\/\/centros.uepb.edu.br\/ccbsa\/wp-json\/wp\/v2\/media?parent=2298"}],"wp:term":[{"taxonomy":"category","embeddable":true,"href":"https:\/\/centros.uepb.edu.br\/ccbsa\/wp-json\/wp\/v2\/categories?post=2298"},{"taxonomy":"post_tag","embeddable":true,"href":"https:\/\/centros.uepb.edu.br\/ccbsa\/wp-json\/wp\/v2\/tags?post=2298"}],"curies":[{"name":"wp","href":"https:\/\/api.w.org\/{rel}","templated":true}]}}