{"id":2291,"date":"2014-09-24T14:20:10","date_gmt":"2014-09-24T14:20:10","guid":{"rendered":"https:\/\/centros.uepb.edu.br\/ccbsa\/?p=2291"},"modified":"2014-09-24T14:27:23","modified_gmt":"2014-09-24T14:27:23","slug":"programa-de-pos-graduacao-realiza-seminario-sobre-cooperacao-humanitaria-entre-brasil-e-haiti","status":"publish","type":"post","link":"https:\/\/centros.uepb.edu.br\/ccbsa\/programa-de-pos-graduacao-realiza-seminario-sobre-cooperacao-humanitaria-entre-brasil-e-haiti\/","title":{"rendered":"Programa de P\u00f3s-Gradua\u00e7\u00e3o realiza semin\u00e1rio sobre coopera\u00e7\u00e3o humanit\u00e1ria entre Brasil e Haiti"},"content":{"rendered":"<p>O Programa de P\u00f3s-Gradua\u00e7\u00e3o em Rela\u00e7\u00f5es Internacionais da Universidade Estadual da Para\u00edba (UEPB) realiza no pr\u00f3ximo dia 30 de setembro, a partir das 18h30, no Audit\u00f3rio Pioneiros, no Campus V, o semin\u00e1rio \u201cO Brasil e a Minustah \u2013 Balan\u00e7os e Perspectivas\u201d.<\/p>\n<p>Coordenado pelo professor Carlos Enrique Ruiz Ferreira, o semin\u00e1rio aborda o tema \u201cA coopera\u00e7\u00e3o humanit\u00e1ria para o desenvolvimento Brasil-Haiti\u201d, que ser\u00e1 enfocado pelo ministro Milton Rond\u00f3, coordenador geral das A\u00e7\u00f5es Internacionais de Combate a Fome do Minist\u00e9rio das Rela\u00e7\u00f5es Exteriores.<\/p>\n<p>Durante o evento ser\u00e1 feito ainda um balan\u00e7o da atua\u00e7\u00e3o brasileira no Haiti e os desafios da miss\u00e3o. O relato ser\u00e1 feito pelo professor Ant\u00f4nio Jorge Ramalho (UnB), diretor do Instituto Pandi\u00e1 Cal\u00f3geras, do Minist\u00e9rio da Defesa. Tamb\u00e9m haver\u00e1 um relato sobre os oito meses na opera\u00e7\u00e3o de paz, a ser proferido pelo sargento Jos\u00e9 M\u00e1rcio Fortunato.<\/p>\n<p>Al\u00e9m da UEPB, est\u00e3o envolvidos na realiza\u00e7\u00e3o do semin\u00e1rio o Projeto de Pesquisa \u201cPol\u00edtica Externa Brasileira no Conselho de Seguran\u00e7a da ONU no p\u00f3s guerra fria\u201d e o Grupo de Pesquisa \u201cO Brasil no Conselho de Seguran\u00e7a da ONU\u201d. As vagas s\u00e3o limitadas e as inscri\u00e7\u00f5es s\u00e3o atrav\u00e9s do <a title=\"Semin\u00e1rio MINUSTAH\" href=\"http:\/\/goo.gl\/qpVJbX\" target=\"_blank\">Blog da DIGNATA<\/a> (Empresa J\u00fanior de Rela\u00e7\u00f5es Internacionais).<\/p>\n","protected":false},"excerpt":{"rendered":"<p>O Programa de P\u00f3s-Gradua\u00e7\u00e3o em Rela\u00e7\u00f5es Internacionais da Universidade Estadual da Para\u00edba (UEPB) realiza no pr\u00f3ximo dia 30 de setembro, a partir das 18h30, no Audit\u00f3rio Pioneiros, no Campus V, o semin\u00e1rio \u201cO Brasil e a Minustah \u2013 Balan\u00e7os e Perspectivas\u201d. Coordenado pelo professor Carlos Enrique Ruiz Ferreira, o semin\u00e1rio aborda o tema \u201cA coopera\u00e7\u00e3o <a class=\"leiamais\" href=\"https:\/\/centros.uepb.edu.br\/ccbsa\/programa-de-pos-graduacao-realiza-seminario-sobre-cooperacao-humanitaria-entre-brasil-e-haiti\/\">Leia Mais&#8230;<\/a><\/p>\n","protected":false},"author":8,"featured_media":2289,"comment_status":"closed","ping_status":"closed","sticky":false,"template":"","format":"standard","meta":{"footnotes":""},"categories":[3,6],"tags":[],"class_list":["post-2291","post","type-post","status-publish","format-standard","has-post-thumbnail","hentry","category-noticias","category-slide"],"jetpack_featured_media_url":"https:\/\/centros.uepb.edu.br\/ccbsa\/files\/2014\/09\/Abrum.png","_links":{"self":[{"href":"https:\/\/centros.uepb.edu.br\/ccbsa\/wp-json\/wp\/v2\/posts\/2291","targetHints":{"allow":["GET"]}}],"collection":[{"href":"https:\/\/centros.uepb.edu.br\/ccbsa\/wp-json\/wp\/v2\/posts"}],"about":[{"href":"https:\/\/centros.uepb.edu.br\/ccbsa\/wp-json\/wp\/v2\/types\/post"}],"author":[{"embeddable":true,"href":"https:\/\/centros.uepb.edu.br\/ccbsa\/wp-json\/wp\/v2\/users\/8"}],"replies":[{"embeddable":true,"href":"https:\/\/centros.uepb.edu.br\/ccbsa\/wp-json\/wp\/v2\/comments?post=2291"}],"version-history":[{"count":0,"href":"https:\/\/centros.uepb.edu.br\/ccbsa\/wp-json\/wp\/v2\/posts\/2291\/revisions"}],"wp:featuredmedia":[{"embeddable":true,"href":"https:\/\/centros.uepb.edu.br\/ccbsa\/wp-json\/wp\/v2\/media\/2289"}],"wp:attachment":[{"href":"https:\/\/centros.uepb.edu.br\/ccbsa\/wp-json\/wp\/v2\/media?parent=2291"}],"wp:term":[{"taxonomy":"category","embeddable":true,"href":"https:\/\/centros.uepb.edu.br\/ccbsa\/wp-json\/wp\/v2\/categories?post=2291"},{"taxonomy":"post_tag","embeddable":true,"href":"https:\/\/centros.uepb.edu.br\/ccbsa\/wp-json\/wp\/v2\/tags?post=2291"}],"curies":[{"name":"wp","href":"https:\/\/api.w.org\/{rel}","templated":true}]}}