{"id":2286,"date":"2014-09-23T21:06:30","date_gmt":"2014-09-23T21:06:30","guid":{"rendered":"https:\/\/centros.uepb.edu.br\/ccbsa\/?p=2286"},"modified":"2014-09-23T21:06:30","modified_gmt":"2014-09-23T21:06:30","slug":"eleicao-do-campus-v-acontecera-nesta-quarta-feira-no-auditorio-pioneiros-das-09h-as-21h","status":"publish","type":"post","link":"https:\/\/centros.uepb.edu.br\/ccbsa\/eleicao-do-campus-v-acontecera-nesta-quarta-feira-no-auditorio-pioneiros-das-09h-as-21h\/","title":{"rendered":"Elei\u00e7\u00e3o do Campus V acontecer\u00e1 nesta quarta-feira no Audit\u00f3rio Pioneiros das 09h \u00e0s 21h"},"content":{"rendered":"<p style=\"text-align: justify\">Divulgamos a mensagem abaixo, a pedido da Comiss\u00e3o Eleitoral. Solicitamos \u00e0s coordena\u00e7\u00f5es dos cursos que repassem o comunicado aos discentes, destacando a import\u00e2ncia de participarem do pleito.<\/p>\n<p style=\"text-align: justify\">Aos Estudantes, Professores e T\u00e9cnicos Administrativos,<\/p>\n<p style=\"text-align: justify\">As listas de eleitores aptos a votar para os cargos de Diretor e Diretor Adjunto do CCBSA, Coordenador e Coordenador Adjunto dos cursos de Arquivologia, Ci\u00eancias Biol\u00f3gicas e Rela\u00e7\u00f5es Internacionais j\u00e1 se encontram afixadas no mural da Biblioteca, por favor conferir se o seu nome est\u00e1 na lista, caso n\u00e3o esteja procure a Comiss\u00e3o Eleitoral.<\/p>\n<p style=\"text-align: justify\">As elei\u00e7\u00f5es ser\u00e3o realizadas nesta quarta-feira (24\/09\/2014) no Audit\u00f3rio Pioneiros das 09h \u00e0s 21h. Antes de votar, o eleitor dever\u00e1 se identificar com documento oficial de identidade com foto, junto ao Mes\u00e1rio. Fa\u00e7a valer seu voto, participe!<\/p>\n<p style=\"text-align: justify\">Atenciosamente,<\/p>\n<p style=\"text-align: justify\">COMISS\u00c3O ELEITORAL<\/p>\n","protected":false},"excerpt":{"rendered":"<p>Divulgamos a mensagem abaixo, a pedido da Comiss\u00e3o Eleitoral. Solicitamos \u00e0s coordena\u00e7\u00f5es dos cursos que repassem o comunicado aos discentes, destacando a import\u00e2ncia de participarem do pleito. Aos Estudantes, Professores e T\u00e9cnicos Administrativos, As listas de eleitores aptos a votar para os cargos de Diretor e Diretor Adjunto do CCBSA, Coordenador e Coordenador Adjunto dos <a class=\"leiamais\" href=\"https:\/\/centros.uepb.edu.br\/ccbsa\/eleicao-do-campus-v-acontecera-nesta-quarta-feira-no-auditorio-pioneiros-das-09h-as-21h\/\">Leia Mais&#8230;<\/a><\/p>\n","protected":false},"author":8,"featured_media":0,"comment_status":"closed","ping_status":"closed","sticky":false,"template":"","format":"standard","meta":{"footnotes":""},"categories":[3,5],"tags":[],"class_list":["post-2286","post","type-post","status-publish","format-standard","hentry","category-noticias","category-visiveis"],"jetpack_featured_media_url":"","_links":{"self":[{"href":"https:\/\/centros.uepb.edu.br\/ccbsa\/wp-json\/wp\/v2\/posts\/2286","targetHints":{"allow":["GET"]}}],"collection":[{"href":"https:\/\/centros.uepb.edu.br\/ccbsa\/wp-json\/wp\/v2\/posts"}],"about":[{"href":"https:\/\/centros.uepb.edu.br\/ccbsa\/wp-json\/wp\/v2\/types\/post"}],"author":[{"embeddable":true,"href":"https:\/\/centros.uepb.edu.br\/ccbsa\/wp-json\/wp\/v2\/users\/8"}],"replies":[{"embeddable":true,"href":"https:\/\/centros.uepb.edu.br\/ccbsa\/wp-json\/wp\/v2\/comments?post=2286"}],"version-history":[{"count":0,"href":"https:\/\/centros.uepb.edu.br\/ccbsa\/wp-json\/wp\/v2\/posts\/2286\/revisions"}],"wp:attachment":[{"href":"https:\/\/centros.uepb.edu.br\/ccbsa\/wp-json\/wp\/v2\/media?parent=2286"}],"wp:term":[{"taxonomy":"category","embeddable":true,"href":"https:\/\/centros.uepb.edu.br\/ccbsa\/wp-json\/wp\/v2\/categories?post=2286"},{"taxonomy":"post_tag","embeddable":true,"href":"https:\/\/centros.uepb.edu.br\/ccbsa\/wp-json\/wp\/v2\/tags?post=2286"}],"curies":[{"name":"wp","href":"https:\/\/api.w.org\/{rel}","templated":true}]}}