{"id":2280,"date":"2014-09-23T20:09:59","date_gmt":"2014-09-23T20:09:59","guid":{"rendered":"https:\/\/centros.uepb.edu.br\/ccbsa\/?p=2280"},"modified":"2014-10-09T23:06:54","modified_gmt":"2014-10-09T23:06:54","slug":"eleicoes-2014","status":"publish","type":"post","link":"https:\/\/centros.uepb.edu.br\/ccbsa\/eleicoes-2014\/","title":{"rendered":"Pr\u00e9dio do Campus V estar\u00e1 \u00e0 disposi\u00e7\u00e3o da Justi\u00e7a Eleitoral no per\u00edodo das elei\u00e7\u00f5es de 2014"},"content":{"rendered":"<p style=\"text-align: justify\">A Dire\u00e7\u00e3o do CCBSA informa que, a pedido da Justi\u00e7a Eleitoral, o pr\u00e9dio do Campus V estar\u00e1 \u00e0 disposi\u00e7\u00e3o do referido \u00f3rg\u00e3o para a realiza\u00e7\u00e3o do 1\u00ba turno das elei\u00e7\u00f5es.<\/p>\n<p style=\"text-align: justify\">Por essa raz\u00e3o, n\u00e3o haver\u00e1 aulas dos dias 02 (quinta-feira) a 06 de outubro (segunda-feira &#8211; at\u00e9 as 16h), para que o pr\u00e9dio possa ser preparado antes e depois do pleito.<\/p>\n<p style=\"text-align: justify\">Em caso de necessidade de \u00a02\u00ba turno das elei\u00e7\u00f5es, o pr\u00e9dio estar\u00e1 tamb\u00e9m \u00e0 disposi\u00e7\u00e3o entre os dias 23 (quinta-feira) e 28 (segunda-feira &#8211; \u00a0at\u00e9 as 16h) de outubro.<\/p>\n","protected":false},"excerpt":{"rendered":"<p>A Dire\u00e7\u00e3o do CCBSA informa que, a pedido da Justi\u00e7a Eleitoral, o pr\u00e9dio do Campus V estar\u00e1 \u00e0 disposi\u00e7\u00e3o do referido \u00f3rg\u00e3o para a realiza\u00e7\u00e3o do 1\u00ba turno das elei\u00e7\u00f5es. Por essa raz\u00e3o, n\u00e3o haver\u00e1 aulas dos dias 02 (quinta-feira) a 06 de outubro (segunda-feira &#8211; at\u00e9 as 16h), para que o pr\u00e9dio possa ser <a class=\"leiamais\" href=\"https:\/\/centros.uepb.edu.br\/ccbsa\/eleicoes-2014\/\">Leia Mais&#8230;<\/a><\/p>\n","protected":false},"author":8,"featured_media":0,"comment_status":"closed","ping_status":"closed","sticky":false,"template":"","format":"standard","meta":{"footnotes":""},"categories":[3,5],"tags":[],"class_list":["post-2280","post","type-post","status-publish","format-standard","hentry","category-noticias","category-visiveis"],"jetpack_featured_media_url":"","_links":{"self":[{"href":"https:\/\/centros.uepb.edu.br\/ccbsa\/wp-json\/wp\/v2\/posts\/2280","targetHints":{"allow":["GET"]}}],"collection":[{"href":"https:\/\/centros.uepb.edu.br\/ccbsa\/wp-json\/wp\/v2\/posts"}],"about":[{"href":"https:\/\/centros.uepb.edu.br\/ccbsa\/wp-json\/wp\/v2\/types\/post"}],"author":[{"embeddable":true,"href":"https:\/\/centros.uepb.edu.br\/ccbsa\/wp-json\/wp\/v2\/users\/8"}],"replies":[{"embeddable":true,"href":"https:\/\/centros.uepb.edu.br\/ccbsa\/wp-json\/wp\/v2\/comments?post=2280"}],"version-history":[{"count":0,"href":"https:\/\/centros.uepb.edu.br\/ccbsa\/wp-json\/wp\/v2\/posts\/2280\/revisions"}],"wp:attachment":[{"href":"https:\/\/centros.uepb.edu.br\/ccbsa\/wp-json\/wp\/v2\/media?parent=2280"}],"wp:term":[{"taxonomy":"category","embeddable":true,"href":"https:\/\/centros.uepb.edu.br\/ccbsa\/wp-json\/wp\/v2\/categories?post=2280"},{"taxonomy":"post_tag","embeddable":true,"href":"https:\/\/centros.uepb.edu.br\/ccbsa\/wp-json\/wp\/v2\/tags?post=2280"}],"curies":[{"name":"wp","href":"https:\/\/api.w.org\/{rel}","templated":true}]}}