{"id":2272,"date":"2014-09-23T19:48:09","date_gmt":"2014-09-23T19:48:09","guid":{"rendered":"https:\/\/centros.uepb.edu.br\/ccbsa\/?p=2272"},"modified":"2014-10-09T22:24:00","modified_gmt":"2014-10-09T22:24:00","slug":"inauguracao-do-laboratorio-de-preservacao-e-conservacao-do-campus-v","status":"publish","type":"post","link":"https:\/\/centros.uepb.edu.br\/ccbsa\/inauguracao-do-laboratorio-de-preservacao-e-conservacao-do-campus-v\/","title":{"rendered":"Inaugura\u00e7\u00e3o do Laborat\u00f3rio de Preserva\u00e7\u00e3o e Conserva\u00e7\u00e3o de Arquivologia do Campus V"},"content":{"rendered":"<p style=\"text-align: justify\"><a href=\"https:\/\/centros.uepb.edu.br\/ccbsa\/files\/2014\/09\/foto-inaugura\u00e7\u00e3o-de-lab1.png\"><img loading=\"lazy\" decoding=\"async\" class=\"alignleft size-thumbnail wp-image-2276 img-responsive\" src=\"https:\/\/centros.uepb.edu.br\/ccbsa\/files\/2014\/09\/foto-inaugura\u00e7\u00e3o-de-lab1-150x150.png\" alt=\"foto inaugura\u00e7\u00e3o de lab\" width=\"150\" height=\"150\" \/><\/a>Foi inaugurado nesta ter\u00e7a-feira, dia (16) o Laborat\u00f3rio de Preserva\u00e7\u00e3o e Conserva\u00e7\u00e3o coordenado pelo professor Eutr\u00f3pio Bezerra do curso de Arquivologia, pertencente ao Centro de Ci\u00eancias Sociais e Biol\u00f3gicas Aplicadas \u2013 Campus V da Universidade Estadual da Para\u00edba \u2013 UEPB, com o objetivo de salvaguardar o acervo documental atrav\u00e9s de equipamentos, dando maior import\u00e2ncia ao desenvolvimento do aluno nas suas atividades pr\u00e1ticas, apresentando aos discentes t\u00e9cnicas contidas na preserva\u00e7\u00e3o e conserva\u00e7\u00e3o.<\/p>\n<p style=\"text-align: justify\">Segundo o professor, o Laborat\u00f3rio de Preserva\u00e7\u00e3o e Conserva\u00e7\u00e3o do Campus V ser\u00e1 o primeiro no Brasil a contar com equipamentos alternativos, que n\u00e3o existem ainda no mercado, os que existem s\u00e3o convencionais encontrados na \u00e1rea. A finalidade de se trabalhar com esses equipamentos alternativos \u00e9 do aluno poder confeccion\u00e1-los e no futuro ter duas formas dispon\u00edveis, convencionais e alternativos, \u201cO aluno n\u00e3o pode ficar preso a um tipo de equipamento, n\u00e3o devendo ficar dependente dos equipamentos convencionais, ele deve utilizar o alternativo e o convencional\u201d, destaca o professor.<\/p>\n<p style=\"text-align: justify\">A coordenadora do curso, Professora Maria Jos\u00e9 fala na conquista que &#8220;j\u00e1 vem de um trabalho de muito tempo para se criar esse laborat\u00f3rio, desde que o professor Eutr\u00f3pio chegou ao curso de arquivologia que ele tenta fazer um trabalho de laborat\u00f3rio sem um laborat\u00f3rio.\u201d.<\/p>\n<p style=\"text-align: justify\">Al\u00e9m disso, trabalhar para institui\u00e7\u00f5es p\u00fablicas e privadas, com os alunos de Arquivologia \u00e9 ainda um dos objetivos do laborat\u00f3rio, oferecendo suporte a essas entidades detentoras de acervos.<\/p>\n","protected":false},"excerpt":{"rendered":"<p>Foi inaugurado nesta ter\u00e7a-feira, dia (16) o Laborat\u00f3rio de Preserva\u00e7\u00e3o e Conserva\u00e7\u00e3o coordenado pelo professor Eutr\u00f3pio Bezerra do curso de Arquivologia, pertencente ao Centro de Ci\u00eancias Sociais e Biol\u00f3gicas Aplicadas \u2013 Campus V da Universidade Estadual da Para\u00edba \u2013 UEPB, com o objetivo de salvaguardar o acervo documental atrav\u00e9s de equipamentos, dando maior import\u00e2ncia ao <a class=\"leiamais\" href=\"https:\/\/centros.uepb.edu.br\/ccbsa\/inauguracao-do-laboratorio-de-preservacao-e-conservacao-do-campus-v\/\">Leia Mais&#8230;<\/a><\/p>\n","protected":false},"author":8,"featured_media":2276,"comment_status":"closed","ping_status":"closed","sticky":false,"template":"","format":"standard","meta":{"footnotes":""},"categories":[3,6],"tags":[],"class_list":["post-2272","post","type-post","status-publish","format-standard","has-post-thumbnail","hentry","category-noticias","category-slide"],"jetpack_featured_media_url":"https:\/\/centros.uepb.edu.br\/ccbsa\/files\/2014\/09\/foto-inaugura\u00e7\u00e3o-de-lab1.png","_links":{"self":[{"href":"https:\/\/centros.uepb.edu.br\/ccbsa\/wp-json\/wp\/v2\/posts\/2272","targetHints":{"allow":["GET"]}}],"collection":[{"href":"https:\/\/centros.uepb.edu.br\/ccbsa\/wp-json\/wp\/v2\/posts"}],"about":[{"href":"https:\/\/centros.uepb.edu.br\/ccbsa\/wp-json\/wp\/v2\/types\/post"}],"author":[{"embeddable":true,"href":"https:\/\/centros.uepb.edu.br\/ccbsa\/wp-json\/wp\/v2\/users\/8"}],"replies":[{"embeddable":true,"href":"https:\/\/centros.uepb.edu.br\/ccbsa\/wp-json\/wp\/v2\/comments?post=2272"}],"version-history":[{"count":0,"href":"https:\/\/centros.uepb.edu.br\/ccbsa\/wp-json\/wp\/v2\/posts\/2272\/revisions"}],"wp:featuredmedia":[{"embeddable":true,"href":"https:\/\/centros.uepb.edu.br\/ccbsa\/wp-json\/wp\/v2\/media\/2276"}],"wp:attachment":[{"href":"https:\/\/centros.uepb.edu.br\/ccbsa\/wp-json\/wp\/v2\/media?parent=2272"}],"wp:term":[{"taxonomy":"category","embeddable":true,"href":"https:\/\/centros.uepb.edu.br\/ccbsa\/wp-json\/wp\/v2\/categories?post=2272"},{"taxonomy":"post_tag","embeddable":true,"href":"https:\/\/centros.uepb.edu.br\/ccbsa\/wp-json\/wp\/v2\/tags?post=2272"}],"curies":[{"name":"wp","href":"https:\/\/api.w.org\/{rel}","templated":true}]}}